{"id":9890,"date":"2014-11-09T19:47:23","date_gmt":"2014-11-09T19:47:23","guid":{"rendered":"http:\/\/navody.hurapapir.cz\/?p=9890"},"modified":"2014-11-09T19:47:23","modified_gmt":"2014-11-09T19:47:23","slug":"kalendarovy-maraton-2014-s-jitou","status":"publish","type":"post","link":"https:\/\/navody.hurapapir.cz\/?p=9890","title":{"rendered":"KALEND\u00c1\u0158OV\u00dd MARATON 2014 &#8230; s J\u00ed\u0165ou"},"content":{"rendered":"<p><em>Foto a text J\u00ed\u0165a<\/em><\/p>\n<p>Rok se s\u00a0rokem se\u0161el a za chv\u00edli n\u00e1m budou na dve\u0159e klepat V\u00e1noce, tak\u017ee je \u010das p\u0159em\u00fd\u0161let nad v\u00e1no\u010dn\u00edmi d\u00e1rky. A se \u201escrapovan\u00fdm\u201c kalend\u00e1\u0159em ur\u010dit\u011b ne\u0161l\u00e1pnete vedle! U n\u00e1s maj\u00ed kalend\u00e1\u0159e dlouhou tradici \u2013 od roku 2009 jsem jich ud\u011blala t\u00e9m\u011b\u0159 40, vyr\u00e1b\u011bla jsem pro rodinu i pro p\u0159\u00e1tele a v\u017edy m\u011bly velk\u00fd \u00fasp\u011bch. Co m\u016f\u017ee ud\u011blat v\u011bt\u0161\u00ed radost, ne\u017e osobit\u00fd d\u00e1rek s\u00a0fotkami bl\u00edzk\u00fdch :-).<\/p>\n<p><a href=\"https:\/\/navody.hurapapir.cz\/wp-content\/uploads\/2014\/11\/Sn\u00edmek-206a.jpg\"><img decoding=\"async\" loading=\"lazy\" class=\"aligncenter size-full wp-image-9891\" alt=\"OLYMPUS DIGITAL CAMERA\" src=\"https:\/\/navody.hurapapir.cz\/wp-content\/uploads\/2014\/11\/Sn\u00edmek-206a.jpg\" width=\"480\" height=\"468\" srcset=\"https:\/\/navody.hurapapir.cz\/wp-content\/uploads\/2014\/11\/Sn\u00edmek-206a.jpg 800w, https:\/\/navody.hurapapir.cz\/wp-content\/uploads\/2014\/11\/Sn\u00edmek-206a-300x292.jpg 300w\" sizes=\"(max-width: 480px) 100vw, 480px\" \/><\/a><\/p>\n<p><!--more--> Loni prob\u011bhl \u201eprvn\u00ed ro\u010dn\u00edk\u201c kalend\u00e1\u0159ov\u00e9ho HUR\u00c1maratonu, kter\u00e9ho se z\u00fa\u010dastnilo 20 state\u010dn\u00fdch scrapa\u0159ek a <a href=\"http:\/\/diskuze.hurapapir.cz\/viewforum.php?f=29\" target=\"_blank\">tady <\/a>se m\u016f\u017eete kouknout, jak jsme se s\u00a0t\u00edm popraly :-).<\/p>\n<p>&nbsp;<\/p>\n<p><b>Tak co, p\u016fjdete do toho s\u00a0n\u00e1mi? Za\u010d\u00edn\u00e1me v pond\u011bl\u00ed 17. listopadu 2014!<\/p>\n<p><\/b><\/p>\n<p>Ka\u017ed\u00fd den okolo 18 hodiny budeme vyhla\u0161ovat jednoduchou podm\u00ednku, hotovou kalend\u00e1\u0159ovou str\u00e1nku vyfot\u00edte a zmen\u0161enou fotku pak vlo\u017e\u00edte do diskuze (fotka mus\u00ed b\u00fdt do 500 pixel\u016f, zde je n\u00e1vod, jak na to <a href=\"https:\/\/navody.hurapapir.cz\/?p=8079\">https:\/\/navody.hurapapir.cz\/?p=8079<\/a>) nejpozd\u011bji do druh\u00e9ho dne do p\u016flnoci. A proto\u017ee letos budeme zdobit i tituln\u00ed str\u00e1nku, bude podm\u00ednek 13. Ne\u017e za\u010dne prosinec, budete m\u00edt kalend\u00e1\u0159 hotov\u00fd!<\/p>\n<p>V\u016fbec se nemus\u00edte ni\u010deho b\u00e1t, zvl\u00e1dne to i za\u010d\u00e1te\u010dn\u00edk. Podm\u00ednky budou jednoduch\u00e9, dostupn\u00e9 i pro ty, kter\u00e9 nemaj\u00ed scrapbookov\u00e9 vybaven\u00ed. A pokud by n\u011bco takov\u00e9ho bylo, navrhnu, jak si poradit z\u00a0dom\u00e1c\u00edch zdroj\u016f. Nav\u00edc ke ka\u017ed\u00e9 podm\u00ednce p\u0159iprav\u00edm i uk\u00e1zku pro inspiraci.<\/p>\n<p><span style=\"text-decoration: underline;\">Co budeme pot\u0159ebovat<\/span>:<\/p>\n<ul>\n<li><b>KALEND\u00c1\u0158<\/b> \u2013 j\u00e1 pou\u017e\u00edv\u00e1m kalend\u00e1\u0159 z\u00a0obch\u016fdku Hur\u00e1Pap\u00edru <a href=\"http:\/\/www.hurapapir.cz\/kalendare\/nastenny-kalendar-bily-na-rok-2015-na-vlastni-fotografie.html\">http:\/\/www.hurapapir.cz\/kalendare\/nastenny-kalendar-bily-na-rok-2015-na-vlastni-fotografie.html<\/a>, kde je b\u00edl\u00fd podklad a plocha k\u00a0tvo\u0159en\u00ed cca 17x23cm,<\/li>\n<\/ul>\n<p>&nbsp;<\/p>\n<ul>\n<li><b>13 FOTOGRAFI\u00cd<\/b> \u2013 12 k\u00a0jednotliv\u00fdm m\u011bs\u00edc\u016fm a 1 na titulku (u kalend\u00e1\u0159e, kter\u00fd pou\u017e\u00edv\u00e1m j\u00e1, mus\u00ed b\u00fdt titulka na \u0161\u00ed\u0159ku). Pou\u017e\u00edv\u00e1m velikost 10x15cm, ale z\u00e1le\u017e\u00ed, jak velk\u00fd kalend\u00e1\u0159 m\u00e1te. Zvolte velikost tak, aby V\u00e1m okolo fotografie zbylo m\u00edsto na zdoben\u00ed,<\/li>\n<\/ul>\n<p>&nbsp;<\/p>\n<ul>\n<li><b>PAP\u00cdRY\/ \u010cTVRTKY (STA\u010c\u00cd ODST\u0158I\u017dKY), OZDOBY, STU\u017dKY, FIXY \u2026<\/b> pop\u0159\u00edpad\u011b samolepky, raz\u00edtka, p\u00edsmenka, pokud pou\u017e\u00edv\u00e1te u kalend\u00e1\u0159ovek nadpisy jako j\u00e1 atp., zbytek je na va\u0161\u00ed fantazii.<\/li>\n<\/ul>\n<p>&nbsp;<\/p>\n<p>ABY BYLA MOTIVACE JE\u0160T\u011a V\u011aT\u0160\u00cd, <b>BUDOU I V\u00ddHRY!!!<\/b><b><br \/>\n<\/b>Ka\u017ed\u00fd den vybereme jednu povedenou kalend\u00e1\u0159ovou str\u00e1nku z p\u0159edchoz\u00edho dne a autor z\u00edsk\u00e1 slevu 10% v\u00a0na\u0161em e-shopu Hur\u00e1Pap\u00edru na jednu objedn\u00e1vku (sleva nebude platit p\u0159i slu\u010dov\u00e1n\u00ed).<\/p>\n<p><b>V\u0160ICHNI<\/b>, kte\u0159\u00ed zvl\u00e1dnou jednotliv\u00e9 str\u00e1nky kalend\u00e1\u0159e v p\u0159edem dan\u00fdch term\u00ednech + 100% dodr\u017e\u00ed podm\u00ednky, dostanou tak\u00e9 10% slevu na n\u00e1kup v e-shopu Hur\u00e1Pap\u00edru na jednu objedn\u00e1vku (sleva nebude platit p\u0159i slu\u010dov\u00e1n\u00ed).<\/p>\n<p><a href=\"https:\/\/navody.hurapapir.cz\/wp-content\/uploads\/2014\/11\/RETRO-KALEND\u00c1\u0158.jpg\"><img decoding=\"async\" loading=\"lazy\" class=\"aligncenter size-full wp-image-9892\" alt=\"RETRO KALEND\u00c1\u0158\" src=\"https:\/\/navody.hurapapir.cz\/wp-content\/uploads\/2014\/11\/RETRO-KALEND\u00c1\u0158.jpg\" width=\"480\" height=\"480\" srcset=\"https:\/\/navody.hurapapir.cz\/wp-content\/uploads\/2014\/11\/RETRO-KALEND\u00c1\u0158.jpg 800w, https:\/\/navody.hurapapir.cz\/wp-content\/uploads\/2014\/11\/RETRO-KALEND\u00c1\u0158-150x150.jpg 150w, https:\/\/navody.hurapapir.cz\/wp-content\/uploads\/2014\/11\/RETRO-KALEND\u00c1\u0158-300x300.jpg 300w\" sizes=\"(max-width: 480px) 100vw, 480px\" \/><\/a><\/p>\n","protected":false},"excerpt":{"rendered":"<p>Foto a text J\u00ed\u0165a Rok se s\u00a0rokem se\u0161el a za chv\u00edli n\u00e1m budou na dve\u0159e klepat V\u00e1noce, tak\u017ee je \u010das p\u0159em\u00fd\u0161let nad v\u00e1no\u010dn\u00edmi d\u00e1rky. A se \u201escrapovan\u00fdm\u201c kalend\u00e1\u0159em ur\u010dit\u011b ne\u0161l\u00e1pnete vedle! U n\u00e1s maj\u00ed kalend\u00e1\u0159e dlouhou tradici \u2013 od roku 2009 jsem jich ud\u011blala t\u00e9m\u011b\u0159 40, vyr\u00e1b\u011bla jsem pro rodinu i pro p\u0159\u00e1tele a v\u017edy &hellip;<br \/><a href=\"https:\/\/navody.hurapapir.cz\/?p=9890\" class=\"more-link pen_button pen_element_default pen_icon_arrow_double\">Pokra\u010dovat ve\u00a0\u010dten\u00ed <span class=\"screen-reader-text\">KALEND\u00c1\u0158OV\u00dd MARATON 2014 &#8230; s J\u00ed\u0165ou<\/span><\/a><\/p>\n","protected":false},"author":2,"featured_media":0,"comment_status":"open","ping_status":"open","sticky":false,"template":"","format":"standard","meta":{"footnotes":""},"categories":[24],"tags":[131,78],"_links":{"self":[{"href":"https:\/\/navody.hurapapir.cz\/index.php?rest_route=\/wp\/v2\/posts\/9890"}],"collection":[{"href":"https:\/\/navody.hurapapir.cz\/index.php?rest_route=\/wp\/v2\/posts"}],"about":[{"href":"https:\/\/navody.hurapapir.cz\/index.php?rest_route=\/wp\/v2\/types\/post"}],"author":[{"embeddable":true,"href":"https:\/\/navody.hurapapir.cz\/index.php?rest_route=\/wp\/v2\/users\/2"}],"replies":[{"embeddable":true,"href":"https:\/\/navody.hurapapir.cz\/index.php?rest_route=%2Fwp%2Fv2%2Fcomments&post=9890"}],"version-history":[{"count":2,"href":"https:\/\/navody.hurapapir.cz\/index.php?rest_route=\/wp\/v2\/posts\/9890\/revisions"}],"predecessor-version":[{"id":9894,"href":"https:\/\/navody.hurapapir.cz\/index.php?rest_route=\/wp\/v2\/posts\/9890\/revisions\/9894"}],"wp:attachment":[{"href":"https:\/\/navody.hurapapir.cz\/index.php?rest_route=%2Fwp%2Fv2%2Fmedia&parent=9890"}],"wp:term":[{"taxonomy":"category","embeddable":true,"href":"https:\/\/navody.hurapapir.cz\/index.php?rest_route=%2Fwp%2Fv2%2Fcategories&post=9890"},{"taxonomy":"post_tag","embeddable":true,"href":"https:\/\/navody.hurapapir.cz\/index.php?rest_route=%2Fwp%2Fv2%2Ftags&post=9890"}],"curies":[{"name":"wp","href":"https:\/\/api.w.org\/{rel}","templated":true}]}}