{"id":9439,"date":"2014-08-14T20:16:51","date_gmt":"2014-08-14T20:16:51","guid":{"rendered":"http:\/\/navody.hurapapir.cz\/?p=9439"},"modified":"2014-08-14T20:16:51","modified_gmt":"2014-08-14T20:16:51","slug":"jmenovky-na-svatebni-stul-od-jiti","status":"publish","type":"post","link":"https:\/\/navody.hurapapir.cz\/?p=9439","title":{"rendered":"JMENOVKY NA SVATEBN\u00cd ST\u016eL&#8230; od J\u00edti"},"content":{"rendered":"<p><em>Foto a text J\u00ed\u0165a<\/em><\/p>\n<p style=\"text-align: left;\" align=\"center\">Moje kamar\u00e1dka Olinka je skv\u011bl\u00e1 cukr\u00e1\u0159ka a m\u011bla zak\u00e1zku na jmenovky na svatebn\u00ed st\u016fl. Upekla pern\u00edkov\u00e1 srd\u00ed\u010dka, kter\u00e1 n\u00e1dhern\u011b ozdobila b\u00edlou polevou, a m\u016fj \u00fakol byl ud\u011blat k\u00a0nim visa\u010dky se jm\u00e9ny.<\/p>\n<p>\u00a0<a href=\"https:\/\/navody.hurapapir.cz\/wp-content\/uploads\/2014\/08\/Obr.-1a.jpg\"><img decoding=\"async\" loading=\"lazy\" class=\"aligncenter size-full wp-image-9443\" alt=\"Obr. 1a\" src=\"https:\/\/navody.hurapapir.cz\/wp-content\/uploads\/2014\/08\/Obr.-1a.jpg\" width=\"480\" height=\"309\" srcset=\"https:\/\/navody.hurapapir.cz\/wp-content\/uploads\/2014\/08\/Obr.-1a.jpg 483w, https:\/\/navody.hurapapir.cz\/wp-content\/uploads\/2014\/08\/Obr.-1a-300x192.jpg 300w\" sizes=\"(max-width: 480px) 100vw, 480px\" \/><\/a><!--more--><\/p>\n<p><a href=\"https:\/\/navody.hurapapir.cz\/wp-content\/uploads\/2014\/08\/Obr.-12.jpg\"><img decoding=\"async\" loading=\"lazy\" class=\"aligncenter size-full wp-image-9442\" alt=\"Obr. 1\" src=\"https:\/\/navody.hurapapir.cz\/wp-content\/uploads\/2014\/08\/Obr.-12.jpg\" width=\"480\" height=\"466\" srcset=\"https:\/\/navody.hurapapir.cz\/wp-content\/uploads\/2014\/08\/Obr.-12.jpg 487w, https:\/\/navody.hurapapir.cz\/wp-content\/uploads\/2014\/08\/Obr.-12-300x290.jpg 300w\" sizes=\"(max-width: 480px) 100vw, 480px\" \/><\/a><\/p>\n<p>Barevn\u00e9 lad\u011bn\u00ed svatby bylo modro-b\u00edl\u00e9, tak\u017ee barvy byly jasn\u00e9. V\u0161e ostatn\u00ed u\u017e bylo na m\u011b. Rozhodla jsem se, \u017ee jmenovky budou kulat\u00e9. Tvo\u0159\u00ed je dv\u011b velikosti \u201ejednoduch\u00fdch\u201c kole\u010dek z\u00a0b\u00edl\u00e9 \u010dtvrtky a jedno modr\u00e9 zoubkovan\u00e9, vyra\u017een\u00e9 raznic\u00ed scalloped circle. Celkov\u00e1 velikost je 5cm, nejmen\u0161\u00ed kole\u010dko m\u00e1 4cm a nejv\u00edce m\u00edsta zab\u00edr\u00e1 ru\u010dn\u011b psan\u00fd n\u00e1pis, tak\u017ee na ozdoby ji\u017e mnoho prostoru nezb\u00fdvalo. Zvolila jsem proto miniaturn\u00ed ozdoby &#8211; v\u00fdsek mal\u00e9 kyti\u010dky, jej\u00ed\u017e st\u0159ed tvo\u0159\u00ed b\u00edl\u00fd kor\u00e1lek, st\u0159\u00edbrn\u00fd raz\u00edtkovan\u00fd \u201ekruc\u00e1nek\u201c a pro o\u017eiven\u00ed jsem p\u0159idala dv\u011b \u010derven\u00e1 srd\u00ed\u010dka. Na pozad\u00ed jsem pou\u017eila textov\u00e9 raz\u00edtko \u2013 u \u017een je st\u0159\u00edbrn\u011b oraz\u00edtkovan\u00e9 b\u00edl\u00e9 nejmen\u0161\u00ed kole\u010dko a u mu\u017e\u016f modr\u00e9 zoubkovan\u00e9. Na z\u00e1v\u011br jsem nahoru ud\u011blala d\u00edrku na provle\u010den\u00ed ma\u0161li\u010dky.<\/p>\n<p>A takto to vypadalo ve fin\u00e1le \u2026<\/p>\n<p>&nbsp;<\/p>\n<p><a href=\"https:\/\/navody.hurapapir.cz\/wp-content\/uploads\/2014\/08\/obr.-2.jpg\"><img decoding=\"async\" loading=\"lazy\" class=\"aligncenter size-full wp-image-9441\" alt=\"obr. 2\" src=\"https:\/\/navody.hurapapir.cz\/wp-content\/uploads\/2014\/08\/obr.-2.jpg\" width=\"480\" height=\"320\" srcset=\"https:\/\/navody.hurapapir.cz\/wp-content\/uploads\/2014\/08\/obr.-2.jpg 800w, https:\/\/navody.hurapapir.cz\/wp-content\/uploads\/2014\/08\/obr.-2-300x199.jpg 300w\" sizes=\"(max-width: 480px) 100vw, 480px\" \/><\/a><\/p>\n<p>&nbsp;<\/p>\n<p>&nbsp;<\/p>\n<p>&nbsp;<\/p>\n","protected":false},"excerpt":{"rendered":"<p>Foto a text J\u00ed\u0165a Moje kamar\u00e1dka Olinka je skv\u011bl\u00e1 cukr\u00e1\u0159ka a m\u011bla zak\u00e1zku na jmenovky na svatebn\u00ed st\u016fl. Upekla pern\u00edkov\u00e1 srd\u00ed\u010dka, kter\u00e1 n\u00e1dhern\u011b ozdobila b\u00edlou polevou, a m\u016fj \u00fakol byl ud\u011blat k\u00a0nim visa\u010dky se jm\u00e9ny. \u00a0<\/p>\n","protected":false},"author":2,"featured_media":0,"comment_status":"open","ping_status":"open","sticky":false,"template":"","format":"standard","meta":{"footnotes":""},"categories":[15],"tags":[131,178],"_links":{"self":[{"href":"https:\/\/navody.hurapapir.cz\/index.php?rest_route=\/wp\/v2\/posts\/9439"}],"collection":[{"href":"https:\/\/navody.hurapapir.cz\/index.php?rest_route=\/wp\/v2\/posts"}],"about":[{"href":"https:\/\/navody.hurapapir.cz\/index.php?rest_route=\/wp\/v2\/types\/post"}],"author":[{"embeddable":true,"href":"https:\/\/navody.hurapapir.cz\/index.php?rest_route=\/wp\/v2\/users\/2"}],"replies":[{"embeddable":true,"href":"https:\/\/navody.hurapapir.cz\/index.php?rest_route=%2Fwp%2Fv2%2Fcomments&post=9439"}],"version-history":[{"count":1,"href":"https:\/\/navody.hurapapir.cz\/index.php?rest_route=\/wp\/v2\/posts\/9439\/revisions"}],"predecessor-version":[{"id":9444,"href":"https:\/\/navody.hurapapir.cz\/index.php?rest_route=\/wp\/v2\/posts\/9439\/revisions\/9444"}],"wp:attachment":[{"href":"https:\/\/navody.hurapapir.cz\/index.php?rest_route=%2Fwp%2Fv2%2Fmedia&parent=9439"}],"wp:term":[{"taxonomy":"category","embeddable":true,"href":"https:\/\/navody.hurapapir.cz\/index.php?rest_route=%2Fwp%2Fv2%2Fcategories&post=9439"},{"taxonomy":"post_tag","embeddable":true,"href":"https:\/\/navody.hurapapir.cz\/index.php?rest_route=%2Fwp%2Fv2%2Ftags&post=9439"}],"curies":[{"name":"wp","href":"https:\/\/api.w.org\/{rel}","templated":true}]}}