{"id":8244,"date":"2013-12-10T21:05:41","date_gmt":"2013-12-10T21:05:41","guid":{"rendered":"http:\/\/navody.hurapapir.cz\/?p=8244"},"modified":"2013-12-10T21:05:41","modified_gmt":"2013-12-10T21:05:41","slug":"svatebni-jeste-jednou","status":"publish","type":"post","link":"https:\/\/navody.hurapapir.cz\/?p=8244","title":{"rendered":"Svatebn\u00ed je\u0161t\u011b jednou\u2026"},"content":{"rendered":"<p><em>Foto a text Avellana<\/em><\/p>\n<p style=\"text-align: left;\">P\u00e1r dn\u016f zp\u00e1tky n\u00e1m tu Helxine uk\u00e1zala, jak p\u011bkn\u011b se um\u00ed vypo\u0159\u00e1dat se svatebn\u00edm p\u0159\u00e1n\u00edm. No, tak j\u00e1 jsem dostala \u00fakol tro\u0161ku jin\u00fd, ale vlastn\u011b hodn\u011b podobn\u00fd \u2013 svatebn\u00ed ozn\u00e1men\u00ed na malou svatbu.<\/p>\n<p style=\"text-align: left;\"><a href=\"https:\/\/navody.hurapapir.cz\/wp-content\/uploads\/2013\/12\/Pastelov\u00e1-elegance_titulka.jpg\"><img decoding=\"async\" class=\"aligncenter  wp-image-8246\" alt=\"OLYMPUS DIGITAL CAMERA\" src=\"https:\/\/navody.hurapapir.cz\/wp-content\/uploads\/2013\/12\/Pastelov\u00e1-elegance_titulka.jpg\" width=\"500\" srcset=\"https:\/\/navody.hurapapir.cz\/wp-content\/uploads\/2013\/12\/Pastelov\u00e1-elegance_titulka.jpg 1002w, https:\/\/navody.hurapapir.cz\/wp-content\/uploads\/2013\/12\/Pastelov\u00e1-elegance_titulka-300x136.jpg 300w\" sizes=\"(max-width: 1002px) 100vw, 1002px\" \/><\/a><\/p>\n<p style=\"text-align: left;\"><!--more-->Zad\u00e1n\u00ed zn\u011blo: <em>b\u00edlo zlat\u00e1, \u017e\u00e1dn\u00e9 t\u0159pytky (ach jo!), nic moc slo\u017eit\u00e9ho a nev\u011bsta se zhl\u00e9dla v\u00a0t\u011bch mr\u0148av\u00fdch MB pt\u00e1\u010dc\u00edch, tak\u017ee \u201ety bych tam tedy prosila\u201c. Tak d\u00edk.<\/em><\/p>\n<p style=\"text-align: left;\">V\u00a0b\u00edlo zlat\u00e9 mnoho mo\u017enost\u00ed nen\u00ed \u2013 aspo\u0148 j\u00e1 jsem n\u00e1pady nejisk\u0159ila.<\/p>\n<p style=\"text-align: left;\">Ale vzpomn\u011bla jsem si, \u017ee jsem asi p\u0159ed rokem vid\u011bla u na\u0161eho pap\u00edrn\u00edka \u00fa\u017easn\u00fd zlat\u00fd pap\u00edr s\u00a0embossovan\u00fdm vzorem a p\u0159edstavte si, \u017ee se je\u0161t\u011b dal sehnat! A pak jsem se prohr\u00e1bla svou sb\u00edrkou \u0159ezac\u00edch \u0161ablon (po\u0159\u00e1d m\u00e1m m\u00e1lo!), ut\u00e1hla kliku na Big Shotu a \u0159ezala a \u0159ezala a \u0159ezala\u2026asi 2 odpoledne.<\/p>\n<p style=\"text-align: left;\">Proto\u017ee p\u0159\u00e1n\u00ed m\u011blo b\u00fdt jednoduch\u00e9,\u00a0 zvolila jsem jako hlavn\u00ed ozdobu p\u016flkulatou krajku, vy\u0159\u00edznutou do\u00a0b\u00edl\u00e9ho pap\u00edru a nalepenou na zlat\u00fd z\u00e1klad. Pak jednu skl\u00e1danou b\u00edlozlatou kytku a elegantn\u00ed kruc\u00e1nky. Pouze ve zlat\u00e9 se mi zd\u00e1ly pon\u011bkud \u201etvrd\u00e9\u201c, tak jsem pou\u017eila zlatou i b\u00edlou a mali\u010dko je p\u0159esadila p\u0159es sebe.\u00a0 A ty pt\u00e1\u010dky, jasn\u011b. Do st\u0159edu jedinou malinkou perli\u010dku \u2013 a m\u016f\u017eou se rozes\u00edlat.<\/p>\n<p style=\"text-align: center;\"><a href=\"https:\/\/navody.hurapapir.cz\/wp-content\/uploads\/2013\/12\/Svatebni_oznameni_upr.jpg\"><img decoding=\"async\" class=\"aligncenter  wp-image-8262\" alt=\"OLYMPUS DIGITAL CAMERA\" src=\"https:\/\/navody.hurapapir.cz\/wp-content\/uploads\/2013\/12\/Svatebni_oznameni_upr.jpg\" width=\"400\" srcset=\"https:\/\/navody.hurapapir.cz\/wp-content\/uploads\/2013\/12\/Svatebni_oznameni_upr.jpg 719w, https:\/\/navody.hurapapir.cz\/wp-content\/uploads\/2013\/12\/Svatebni_oznameni_upr-215x300.jpg 215w\" sizes=\"(max-width: 719px) 100vw, 719px\" \/><\/a><\/p>\n<p>Pravda je, \u017ee kdy\u017e u\u017e jsem ud\u011blala pozv\u00e1nky, tak jsem si st\u0159ihla i svatebn\u00ed p\u0159\u00e1n\u00ed \u2013 a souhlas\u00edm, \u017ee svatebn\u00edch raz\u00edtek, kter\u00e1 by byla elegantn\u00ed, neobvykl\u00e1, \u00fa\u017easn\u00e1, prost\u011b pro n\u00e1s \u2013 t\u011bch tedy mnoho nen\u00ed. A nebo se n\u00e1m nikdo nezavd\u011b\u010d\u00ed? Ov\u0161em j\u00e1 jsem si p\u0159ed \u010dasem koupila n\u011bco &#8211; a v\u016fbec ne svatebn\u00edho.<\/p>\n<p>Je to edice Art Deco od Papermanie, a j\u00e1 jsem se do nich zamilovala na prvn\u00ed pohled (m\u00e1m toti\u017e t\u0159i, he\u010d).<\/p>\n<p>A kdy\u017e b\u00edlo zlat\u00e1, tak se v\u0161\u00edm v\u0161udy.<\/p>\n<p>Na b\u00edl\u00fd z\u00e1klad jsem zlat\u011b naembossovala tu kr\u00e1su, a pak u\u017e jen zdobila. V\u00a0m\u00e9m pod\u00e1n\u00ed skl\u00e1dala kytku. Raz\u00edtko je dost velk\u00e9, na v\u00fd\u0161ku m\u011b\u0159\u00ed skoro 15 cm, tak\u017ee jsem pou\u017eila jako z\u00e1klad p\u0159\u00e1n\u00ed 12,5&#215;17,5 cm. Jedno p\u0159\u00e1n\u00ed jsem ozdobila vy\u0159\u00edznutou rohovou krajkou a st\u00e1\u010den\u00fdmi kyti\u010dkami, druh\u00e9 velikou ma\u0161l\u00ed z\u00a0organzy, zlat\u00e9ho prov\u00e1zku a\u00a0jedinou velkou kytkou.<\/p>\n<p style=\"text-align: center;\"><a href=\"https:\/\/navody.hurapapir.cz\/wp-content\/uploads\/2013\/12\/Svatebni_prani_1_upr.jpg\"><img decoding=\"async\" class=\"aligncenter  wp-image-8252\" alt=\"OLYMPUS DIGITAL CAMERA\" src=\"https:\/\/navody.hurapapir.cz\/wp-content\/uploads\/2013\/12\/Svatebni_prani_1_upr.jpg\" width=\"400\" srcset=\"https:\/\/navody.hurapapir.cz\/wp-content\/uploads\/2013\/12\/Svatebni_prani_1_upr.jpg 769w, https:\/\/navody.hurapapir.cz\/wp-content\/uploads\/2013\/12\/Svatebni_prani_1_upr-230x300.jpg 230w\" sizes=\"(max-width: 769px) 100vw, 769px\" \/><\/a><\/p>\n<p style=\"text-align: center;\"><a href=\"https:\/\/navody.hurapapir.cz\/wp-content\/uploads\/2013\/12\/Svatebni_prani_2_upr.jpg\"><img decoding=\"async\" class=\"aligncenter  wp-image-8251\" alt=\"OLYMPUS DIGITAL CAMERA\" src=\"https:\/\/navody.hurapapir.cz\/wp-content\/uploads\/2013\/12\/Svatebni_prani_2_upr.jpg\" width=\"400\" srcset=\"https:\/\/navody.hurapapir.cz\/wp-content\/uploads\/2013\/12\/Svatebni_prani_2_upr.jpg 863w, https:\/\/navody.hurapapir.cz\/wp-content\/uploads\/2013\/12\/Svatebni_prani_2_upr-258x300.jpg 258w\" sizes=\"(max-width: 863px) 100vw, 863px\" \/><\/a><\/p>\n<p style=\"text-align: left;\">A proto\u017ee jsem t\u00e9 b\u00edlo zlat\u00e9 m\u011bla u\u017e pln\u00e9 o\u010di (\u010dekaly jste zuby, co?J ), st\u0159ihla jsem si je\u0161t\u011b jedno, tentokr\u00e1t v dekadentn\u011b \u010dernozlat\u00e9 kombinaci na smetanov\u011b zlatav\u00e9m\u00a0 podkladu. A pe\u0159\u00ed navrch.<\/p>\n<p style=\"text-align: center;\"><a href=\"https:\/\/navody.hurapapir.cz\/wp-content\/uploads\/2013\/12\/Svatebni_prani_3_upr.jpg\"><img decoding=\"async\" class=\"aligncenter  wp-image-8245\" alt=\"OLYMPUS DIGITAL CAMERA\" src=\"https:\/\/navody.hurapapir.cz\/wp-content\/uploads\/2013\/12\/Svatebni_prani_3_upr.jpg\" width=\"400\" srcset=\"https:\/\/navody.hurapapir.cz\/wp-content\/uploads\/2013\/12\/Svatebni_prani_3_upr.jpg 728w, https:\/\/navody.hurapapir.cz\/wp-content\/uploads\/2013\/12\/Svatebni_prani_3_upr-218x300.jpg 218w\" sizes=\"(max-width: 728px) 100vw, 728px\" \/><\/a><\/p>\n<p style=\"text-align: center;\">A je\u0161t\u011b p\u00e1r pastelov\u00fdch.<\/p>\n<p style=\"text-align: center;\"><a href=\"https:\/\/navody.hurapapir.cz\/wp-content\/uploads\/2013\/12\/Pastelov\u00e1-elegance_upr.jpg\"><img decoding=\"async\" class=\"aligncenter  wp-image-8247\" alt=\"OLYMPUS DIGITAL CAMERA\" src=\"https:\/\/navody.hurapapir.cz\/wp-content\/uploads\/2013\/12\/Pastelov\u00e1-elegance_upr.jpg\" width=\"500\" srcset=\"https:\/\/navody.hurapapir.cz\/wp-content\/uploads\/2013\/12\/Pastelov\u00e1-elegance_upr.jpg 1000w, https:\/\/navody.hurapapir.cz\/wp-content\/uploads\/2013\/12\/Pastelov\u00e1-elegance_upr-300x218.jpg 300w\" sizes=\"(max-width: 1000px) 100vw, 1000px\" \/><\/a><\/p>\n<p>Tak schv\u00e1ln\u011b, kter\u00e9 maj\u00ed novoman\u017eel\u00e9 dostat?<\/p>\n","protected":false},"excerpt":{"rendered":"<p>Foto a text Avellana P\u00e1r dn\u016f zp\u00e1tky n\u00e1m tu Helxine uk\u00e1zala, jak p\u011bkn\u011b se um\u00ed vypo\u0159\u00e1dat se svatebn\u00edm p\u0159\u00e1n\u00edm. No, tak j\u00e1 jsem dostala \u00fakol tro\u0161ku jin\u00fd, ale vlastn\u011b hodn\u011b podobn\u00fd \u2013 svatebn\u00ed ozn\u00e1men\u00ed na malou svatbu.<\/p>\n","protected":false},"author":2,"featured_media":0,"comment_status":"open","ping_status":"open","sticky":false,"template":"","format":"standard","meta":{"footnotes":""},"categories":[25],"tags":[159,89,49,37],"_links":{"self":[{"href":"https:\/\/navody.hurapapir.cz\/index.php?rest_route=\/wp\/v2\/posts\/8244"}],"collection":[{"href":"https:\/\/navody.hurapapir.cz\/index.php?rest_route=\/wp\/v2\/posts"}],"about":[{"href":"https:\/\/navody.hurapapir.cz\/index.php?rest_route=\/wp\/v2\/types\/post"}],"author":[{"embeddable":true,"href":"https:\/\/navody.hurapapir.cz\/index.php?rest_route=\/wp\/v2\/users\/2"}],"replies":[{"embeddable":true,"href":"https:\/\/navody.hurapapir.cz\/index.php?rest_route=%2Fwp%2Fv2%2Fcomments&post=8244"}],"version-history":[{"count":6,"href":"https:\/\/navody.hurapapir.cz\/index.php?rest_route=\/wp\/v2\/posts\/8244\/revisions"}],"predecessor-version":[{"id":8293,"href":"https:\/\/navody.hurapapir.cz\/index.php?rest_route=\/wp\/v2\/posts\/8244\/revisions\/8293"}],"wp:attachment":[{"href":"https:\/\/navody.hurapapir.cz\/index.php?rest_route=%2Fwp%2Fv2%2Fmedia&parent=8244"}],"wp:term":[{"taxonomy":"category","embeddable":true,"href":"https:\/\/navody.hurapapir.cz\/index.php?rest_route=%2Fwp%2Fv2%2Fcategories&post=8244"},{"taxonomy":"post_tag","embeddable":true,"href":"https:\/\/navody.hurapapir.cz\/index.php?rest_route=%2Fwp%2Fv2%2Ftags&post=8244"}],"curies":[{"name":"wp","href":"https:\/\/api.w.org\/{rel}","templated":true}]}}