{"id":8207,"date":"2013-12-02T20:35:52","date_gmt":"2013-12-02T20:35:52","guid":{"rendered":"http:\/\/navody.hurapapir.cz\/?p=8207"},"modified":"2013-12-02T20:35:52","modified_gmt":"2013-12-02T20:35:52","slug":"vanocni-pranicka-s-minirazitky","status":"publish","type":"post","link":"https:\/\/navody.hurapapir.cz\/?p=8207","title":{"rendered":"V\u00e1no\u010dn\u00ed p\u0159\u00e1n\u00ed\u010dka s miniraz\u00edtky"},"content":{"rendered":"<p style=\"text-align: left;\"><em>Foto a text Astarte<\/em><\/p>\n<p style=\"text-align: left;\">Aktijka dovezla z Birminghamu n\u011bkolik sad roztomil\u00fdch miniraz\u00edtek a zap\u016fj\u010dila mi je na vyzkou\u0161en\u00ed &#8211; co v\u0161echno se s nimi d\u00e1 podnikat. A vzhledem k ro\u010dn\u00ed dob\u011b jsem se samoz\u0159ejm\u011b pustila do v\u00e1no\u010dn\u00edch p\u0159\u00e1n\u00ed\u010dek.<\/p>\n<p style=\"text-align: center;\"><a href=\"https:\/\/navody.hurapapir.cz\/wp-content\/uploads\/2013\/12\/minirazitka_00_titulka.jpg\"><img decoding=\"async\" class=\"aligncenter  wp-image-8209\" alt=\"minirazitka_00_titulka\" src=\"https:\/\/navody.hurapapir.cz\/wp-content\/uploads\/2013\/12\/minirazitka_00_titulka.jpg\" width=\"500\" srcset=\"https:\/\/navody.hurapapir.cz\/wp-content\/uploads\/2013\/12\/minirazitka_00_titulka.jpg 1002w, https:\/\/navody.hurapapir.cz\/wp-content\/uploads\/2013\/12\/minirazitka_00_titulka-300x200.jpg 300w\" sizes=\"(max-width: 1002px) 100vw, 1002px\" \/><\/a><\/p>\n<p style=\"text-align: center;\"><!--more--><\/p>\n<p style=\"text-align: left;\">Miniraz\u00edtka jsou oby\u010dejn\u00e1 mali\u010dk\u00e1 silikonov\u00e1 nebo gumov\u00e1 raz\u00edtka. Ka\u017ed\u00e9 samo o sob\u011b je vpodstat\u011b o ni\u010dem, ale p\u0159edstavuje \u010d\u00e1st \u00a0ucelen\u00e9 sady, ze kter\u00e9 se d\u00e1 poskl\u00e1dat v\u011bt\u0161\u00ed obr\u00e1zek nebo mozaika. Tak\u017ee v\u011btvi\u010dka, kv\u00edtko, l\u00edstek, mot\u00fdlek. Nebo v\u00edcero vlo\u010dek v kruhu a k nim z\u00e1v\u011bsy, tak\u017ee to ve fin\u00e1le vypad\u00e1 jako v\u00e1no\u010dn\u00ed ba\u0148ky. \u00a0Ten v\u00e1le\u010dek je speci\u00e1ln\u00ed akrylov\u00fd blo\u010dek &#8211; aby se s nimi l\u00e9pe raz\u00edtkovalo. \u010casto se raz\u00edtkuje p\u0159es sebe a je pot\u0159eba otisk um\u00edstit p\u0159esn\u011b. I kdy\u017e mus\u00edm p\u0159iznat, \u017ee p\u0159esn\u011bj\u0161\u00ed jsem nakonec byla s m\u00fdm oby\u010dejn\u00fdm hranat\u00fdm blo\u010dkem, mo\u017en\u00e1 je to o zvyku. A je\u0161t\u011b jeden poznatek vztahuj\u00edc\u00ed se k velikosti raz\u00edtek &#8211; ty \u010dudly mal\u00fd se stra\u0161n\u011b t\u011b\u017eko hl\u00eddaj\u00ed, aby se \u017e\u00e1dn\u00e1 neztratila \ud83d\ude42<\/p>\n<p style=\"text-align: center;\"><a href=\"https:\/\/navody.hurapapir.cz\/wp-content\/uploads\/2013\/12\/minirazitka_01_oprava.jpg\"><img decoding=\"async\" class=\"aligncenter  wp-image-8228\" alt=\"minirazitka_01_oprava\" src=\"https:\/\/navody.hurapapir.cz\/wp-content\/uploads\/2013\/12\/minirazitka_01_oprava.jpg\" width=\"500\" srcset=\"https:\/\/navody.hurapapir.cz\/wp-content\/uploads\/2013\/12\/minirazitka_01_oprava.jpg 1002w, https:\/\/navody.hurapapir.cz\/wp-content\/uploads\/2013\/12\/minirazitka_01_oprava-300x200.jpg 300w\" sizes=\"(max-width: 1002px) 100vw, 1002px\" \/><\/a><\/p>\n<p style=\"text-align: left;\">Pustila jsem se tedy do zkou\u0161en\u00ed. \u00dapln\u011b na za\u010d\u00e1tku jsem vyt\u00e1hla takov\u00e9 ty zimn\u00ed p\u0159\u00e1n\u00ed\u010dkov\u00e9 barvy &#8211; modrou a zelenou, ale ne\u0161lo to a ne\u0161lo. U\u017e jsem se d\u011bsila komplexn\u00ed tv\u016fr\u010d\u00ed krize, ale nakonec jsem p\u0159i\u0161la na to, \u017ee je to jenom alergie na kombinaci zelen\u00e9 a modr\u00e9 \ud83d\ude00 M\u016fj mozek evidentn\u011b tou\u017e\u00ed po l\u00e9tu a slunci. Tak jsem vyt\u00e1hla n\u011bco veselej\u0161\u00edho a r\u00e1zem se za\u010dlo da\u0159it. Pou\u017eila jsem kombinaci raz\u00edtek ze t\u0159\u00ed sad, obzvl\u00e1\u0161t\u011b v\u011btvi\u010dka m\u011b okouzlila, tu budu ur\u010dit\u011b cht\u00edt. Na dozdoben\u00ed n\u011bjak\u00e9 ty zlat\u00e9 stu\u017eky a nit\u011b, a taky glitrov\u00e9 lepidlo, jeho\u017e snadn\u00e9 a efektn\u00ed pou\u017eit\u00ed jsem objevila na srazu. Na fotk\u00e1ch to nen\u00ed moc vid\u011bt, ale kdy\u017e sem tam n\u011bjak\u00e9 vlo\u010dce nabl\u00fdsknete st\u0159ed t\u00edm glitrov\u00fdm lepidlem, r\u00e1zem je p\u0159\u00e1n\u00ed\u010dko o t\u0159\u00eddu v\u00fd\u0161. P\u0159i otisk\u00e1v\u00e1n\u00ed raz\u00edtek nemus\u00edte vyu\u017e\u00edvat jen prvn\u00ed a nejsiln\u011bj\u0161\u00ed otisk, ale zaj\u00edmav\u00e9ho efektu dos\u00e1hnete m\u00edch\u00e1n\u00edm prvn\u00edho, druh\u00e9ho a t\u0159et\u00edho otisku.<\/p>\n<p style=\"text-align: left;\">Samoz\u0159ejm\u011b jsem pro v\u00e1s pe\u010dliv\u011b fotila i postupy &#8211; ale ty neuvid\u00edte \ud83d\ude42 Celou dobu jsem fotila bez karty! Stalo se mi to poprv\u00e9, m\u011bla jsem opravdu velkou radost. On mi to sice m\u016fj fo\u0165\u00e1k \u0159ekne, \u017ee karta nen\u00ed, ale byla jsem tak zaujat\u00e1 tvorbou p\u0159\u00e1n\u00ed\u010dek, \u017ee jsem si toho za celou dobu v\u016fbec nev\u0161imla. Nicm\u00e9n\u011b jste holky \u0161ikovn\u00e9 a na t\u011bch p\u0159\u00e1n\u00ed\u010dk\u00e1ch zase nen\u00ed nic tak extra, co by se nedalo vykoukat u\u017e z hotov\u00e9ho d\u00edla.<\/p>\n<p style=\"text-align: center;\"><a href=\"https:\/\/navody.hurapapir.cz\/wp-content\/uploads\/2013\/12\/minirazitka_02.jpg\"><img decoding=\"async\" class=\"aligncenter  wp-image-8211\" alt=\"minirazitka_02\" src=\"https:\/\/navody.hurapapir.cz\/wp-content\/uploads\/2013\/12\/minirazitka_02.jpg\" width=\"500\" srcset=\"https:\/\/navody.hurapapir.cz\/wp-content\/uploads\/2013\/12\/minirazitka_02.jpg 1002w, https:\/\/navody.hurapapir.cz\/wp-content\/uploads\/2013\/12\/minirazitka_02-300x200.jpg 300w\" sizes=\"(max-width: 1002px) 100vw, 1002px\" \/><\/a><\/p>\n<p style=\"text-align: center;\"><a href=\"https:\/\/navody.hurapapir.cz\/wp-content\/uploads\/2013\/12\/minirazitka_03.jpg\"><img decoding=\"async\" class=\"aligncenter  wp-image-8212\" alt=\"minirazitka_03\" src=\"https:\/\/navody.hurapapir.cz\/wp-content\/uploads\/2013\/12\/minirazitka_03.jpg\" width=\"500\" srcset=\"https:\/\/navody.hurapapir.cz\/wp-content\/uploads\/2013\/12\/minirazitka_03.jpg 1010w, https:\/\/navody.hurapapir.cz\/wp-content\/uploads\/2013\/12\/minirazitka_03-300x99.jpg 300w\" sizes=\"(max-width: 1010px) 100vw, 1010px\" \/><\/a><\/p>\n<p style=\"text-align: left;\"><span style=\"text-align: left;\">Tady je je\u0161t\u011b jeden z modr\u00fdch pokus\u016f na uk\u00e1zku, \u017ee v modr\u00e9 to jde samoz\u0159ejm\u011b taky. Ale bylo to takov\u00e9 .. studen\u00e9.. brrr \ud83d\ude42 <\/span><\/p>\n<p style=\"text-align: left;\"><span style=\"text-align: left;\">Na p\u0159\u00e1n\u00ed\u010dku si n\u011bjakou \u0161ablonou (kruh, \u010dtverec, v\u00e1no\u010dn\u00ed ba\u0148ka, hv\u011bzda apod.) zakryjete \u010d\u00e1st plochy a zbytek rovnom\u011brn\u011b potisk\u00e1te vybran\u00fdmi raz\u00edtky. St\u0159\u00edd\u00e1te v\u00edce barev a pr\u00e1v\u011b taky je p\u011bkn\u00e9 vyu\u017e\u00edvat i druh\u00e9 a t\u0159et\u00ed otisky. Klidn\u011b si nejd\u0159\u00edv otiskn\u011bte raz\u00edtko vedle na pap\u00edr, a\u0165 pak pou\u017eijete rovnou jen ten slab\u0161\u00ed otisk. Jedin\u00e9, na co je pot\u0159eba d\u00e1t pozor &#8211; kdy\u017e tisknete p\u0159es kraj nebo p\u0159es \u0161ablonu, je pak barevn\u00e1 vrstva na raz\u00edtku &#8222;znehodnocena&#8220;. Kdy\u017e ji znovu otisknete, bude \u010d\u00e1st tmav\u0161\u00ed a \u010d\u00e1st sv\u011btlej\u0161\u00ed. Tak\u017ee je pot\u0159eba cel\u00e9 namo\u010dit znovu.<\/span><\/p>\n<p style=\"text-align: center;\"><a href=\"https:\/\/navody.hurapapir.cz\/wp-content\/uploads\/2013\/12\/minirazitka_04.jpg\"><img decoding=\"async\" class=\"aligncenter  wp-image-8213\" alt=\"minirazitka_04\" src=\"https:\/\/navody.hurapapir.cz\/wp-content\/uploads\/2013\/12\/minirazitka_04.jpg\" width=\"500\" srcset=\"https:\/\/navody.hurapapir.cz\/wp-content\/uploads\/2013\/12\/minirazitka_04.jpg 1002w, https:\/\/navody.hurapapir.cz\/wp-content\/uploads\/2013\/12\/minirazitka_04-300x200.jpg 300w\" sizes=\"(max-width: 1002px) 100vw, 1002px\" \/><\/a><\/p>\n<p style=\"text-align: center;\"><a href=\"https:\/\/navody.hurapapir.cz\/wp-content\/uploads\/2013\/12\/minirazitka_05.jpg\"><img decoding=\"async\" class=\"aligncenter  wp-image-8214\" alt=\"minirazitka_05\" src=\"https:\/\/navody.hurapapir.cz\/wp-content\/uploads\/2013\/12\/minirazitka_05.jpg\" height=\"500\" srcset=\"https:\/\/navody.hurapapir.cz\/wp-content\/uploads\/2013\/12\/minirazitka_05.jpg 704w, https:\/\/navody.hurapapir.cz\/wp-content\/uploads\/2013\/12\/minirazitka_05-210x300.jpg 210w\" sizes=\"(max-width: 704px) 100vw, 704px\" \/><\/a><\/p>\n<p style=\"text-align: left;\"><span style=\"text-align: left;\">Jde to samoz\u0159ejm\u011b i obr\u00e1cen\u011b. Nepotiskat celou plochu, ale jen vybran\u00fd tvar. M\u016f\u017eete naraz\u00edtkovat plochu a tvar z n\u00ed vyst\u0159ihnout nebo vyrazit, p\u0159\u00edpadn\u011b jako j\u00e1 tiskat p\u0159es \u0161ablonku. Vyst\u0159ihla jsem pak hv\u011bzdu i se \u0161ir\u0161\u00edm b\u00edl\u00fdm krajem, aby bylo vid\u011bt, \u017ee nen\u00ed jen tak vyra\u017een\u00e1 ze vzorovan\u00e9ho pap\u00edru \ud83d\ude42<\/span><\/p>\n<p style=\"text-align: center;\"><a href=\"https:\/\/navody.hurapapir.cz\/wp-content\/uploads\/2013\/12\/minirazitka_06.jpg\"><img decoding=\"async\" class=\"aligncenter  wp-image-8215\" alt=\"minirazitka_06\" src=\"https:\/\/navody.hurapapir.cz\/wp-content\/uploads\/2013\/12\/minirazitka_06.jpg\" width=\"500\" srcset=\"https:\/\/navody.hurapapir.cz\/wp-content\/uploads\/2013\/12\/minirazitka_06.jpg 859w, https:\/\/navody.hurapapir.cz\/wp-content\/uploads\/2013\/12\/minirazitka_06-257x300.jpg 257w\" sizes=\"(max-width: 859px) 100vw, 859px\" \/><\/a><\/p>\n<p style=\"text-align: left;\">V\u011btvi\u010dka je prost\u011b super. P\u016fjdou s n\u00ed d\u011blat kr\u00e1sn\u00e1 cynick\u00e1 p\u0159\u00e1n\u00ed\u010dka, ale samoz\u0159ejm\u011b se daj\u00ed i ta slavnostn\u00ed v\u00e1no\u010dn\u00ed. \u00a0Kruh jsem si slabounce p\u0159edkreslila tu\u017ekou a pak vygumovala. Je to rozhodn\u011b jednodu\u0161\u0161\u00ed a hez\u010d\u00ed, ne\u017e se to sna\u017eit trefit od oka. Aspo\u0148 pro mne \ud83d\ude42 Otiskan\u00fd kruh z v\u011btvi\u010dek lze pak u\u017e snadno dozdobit norm\u00e1ln\u00edmi vlo\u010dkami, nebo by \u0161lo pou\u017e\u00edt i stejn\u00e9 zdoben\u00ed jako na bordu\u0159e dal\u0161\u00edho p\u0159\u00e1n\u00ed\u010dka.<\/p>\n<p style=\"text-align: center;\"><a href=\"https:\/\/navody.hurapapir.cz\/wp-content\/uploads\/2013\/12\/minirazitka_08.jpg\"><img decoding=\"async\" class=\"aligncenter  wp-image-8208\" alt=\"minirazitka_08\" src=\"https:\/\/navody.hurapapir.cz\/wp-content\/uploads\/2013\/12\/minirazitka_08.jpg\" width=\"500\" srcset=\"https:\/\/navody.hurapapir.cz\/wp-content\/uploads\/2013\/12\/minirazitka_08.jpg 1002w, https:\/\/navody.hurapapir.cz\/wp-content\/uploads\/2013\/12\/minirazitka_08-150x150.jpg 150w, https:\/\/navody.hurapapir.cz\/wp-content\/uploads\/2013\/12\/minirazitka_08-300x300.jpg 300w\" sizes=\"(max-width: 1002px) 100vw, 1002px\" \/><\/a><\/p>\n<p style=\"text-align: left;\">V\u011btvi\u010dka se d\u00e1 moc p\u011bkn\u011b pou\u017e\u00edt i na okraj p\u0159\u00e1n\u00ed\u010dka. \u010cern\u00fd &#8222;prov\u00e1zek&#8220; je jen tak od ruky \u010dern\u00fdm fixem a na n\u011bm pak &#8222;nav\u011b\u0161en\u00e9&#8220; kruhov\u00e9 vlo\u010dky se z\u00e1v\u011bsy.<\/p>\n<p style=\"text-align: center;\"><a href=\"https:\/\/navody.hurapapir.cz\/wp-content\/uploads\/2013\/12\/minirazitka_07.jpg\"><img decoding=\"async\" class=\"aligncenter  wp-image-8216\" alt=\"minirazitka_07\" src=\"https:\/\/navody.hurapapir.cz\/wp-content\/uploads\/2013\/12\/minirazitka_07.jpg\" width=\"500\" srcset=\"https:\/\/navody.hurapapir.cz\/wp-content\/uploads\/2013\/12\/minirazitka_07.jpg 1002w, https:\/\/navody.hurapapir.cz\/wp-content\/uploads\/2013\/12\/minirazitka_07-300x200.jpg 300w\" sizes=\"(max-width: 1002px) 100vw, 1002px\" \/><\/a><\/p>\n<p style=\"text-align: left;\">A te\u010f se ur\u010dit\u011b za\u010dnete pt\u00e1t &#8211; kde takov\u00e1 miniraz\u00edtka se\u017eenu? Bohu\u017eel, zat\u00edm je je\u0161t\u011b na sklad\u011b nem\u00e1me a tuto zimn\u00ed sez\u00f3nu nestihneme. \u00a0Jsou i kr\u00e1sn\u00e9 sady na jarn\u00ed a celoro\u010dn\u00ed p\u0159\u00e1n\u00ed\u010dka &#8211; ty v\u00e1m uk\u00e1\u017eu n\u011bkdy v \u00fanoru, \u00a0abychom si to jaro trochu p\u0159ibl\u00ed\u017eily. Ale nejsou nejlevn\u011bj\u0161\u00ed &#8211; p\u0159ibli\u017en\u00e1 cena mal\u00fdch sad je 150 K\u010d, vet\u0161\u00edch (sp\u00ed\u0161e dopl\u0148kov\u00fdch) sad 300 K\u010d. M\u00e1te z\u00e1jem? Napi\u0161te n\u00e1m &#8211; do koment\u00e1\u0159\u016f nebo na email.<\/p>\n<p style=\"text-align: left;\">A kdo m\u00e1 pocit, \u017ee se jeho v\u00e1no\u010dn\u00ed p\u0159\u00e1n\u00ed\u010dka bez miniraz\u00edtek neobejdou, napi\u0161te n\u00e1m tak\u00e9. Nen\u00ed probl\u00e9m ud\u011blat ve v\u0161edn\u00ed den dopoledne t\u0159\u00edhodinov\u00fd kurz (v Brn\u011b), kde si v\u0161echny Aktij\u010dina miniraz\u00edtka m\u016f\u017eete vyzkou\u0161et a nad\u011blat si v\u00e1no\u010dn\u00edch p\u0159\u00e1n\u00ed\u010dek hromadu.<\/p>\n","protected":false},"excerpt":{"rendered":"<p>Foto a text Astarte Aktijka dovezla z Birminghamu n\u011bkolik sad roztomil\u00fdch miniraz\u00edtek a zap\u016fj\u010dila mi je na vyzkou\u0161en\u00ed &#8211; co v\u0161echno se s nimi d\u00e1 podnikat. A vzhledem k ro\u010dn\u00ed dob\u011b jsem se samoz\u0159ejm\u011b pustila do v\u00e1no\u010dn\u00edch p\u0159\u00e1n\u00ed\u010dek.<\/p>\n","protected":false},"author":2,"featured_media":0,"comment_status":"open","ping_status":"open","sticky":false,"template":"","format":"standard","meta":{"footnotes":""},"categories":[166],"tags":[87,161,37,80,102],"_links":{"self":[{"href":"https:\/\/navody.hurapapir.cz\/index.php?rest_route=\/wp\/v2\/posts\/8207"}],"collection":[{"href":"https:\/\/navody.hurapapir.cz\/index.php?rest_route=\/wp\/v2\/posts"}],"about":[{"href":"https:\/\/navody.hurapapir.cz\/index.php?rest_route=\/wp\/v2\/types\/post"}],"author":[{"embeddable":true,"href":"https:\/\/navody.hurapapir.cz\/index.php?rest_route=\/wp\/v2\/users\/2"}],"replies":[{"embeddable":true,"href":"https:\/\/navody.hurapapir.cz\/index.php?rest_route=%2Fwp%2Fv2%2Fcomments&post=8207"}],"version-history":[{"count":15,"href":"https:\/\/navody.hurapapir.cz\/index.php?rest_route=\/wp\/v2\/posts\/8207\/revisions"}],"predecessor-version":[{"id":8232,"href":"https:\/\/navody.hurapapir.cz\/index.php?rest_route=\/wp\/v2\/posts\/8207\/revisions\/8232"}],"wp:attachment":[{"href":"https:\/\/navody.hurapapir.cz\/index.php?rest_route=%2Fwp%2Fv2%2Fmedia&parent=8207"}],"wp:term":[{"taxonomy":"category","embeddable":true,"href":"https:\/\/navody.hurapapir.cz\/index.php?rest_route=%2Fwp%2Fv2%2Fcategories&post=8207"},{"taxonomy":"post_tag","embeddable":true,"href":"https:\/\/navody.hurapapir.cz\/index.php?rest_route=%2Fwp%2Fv2%2Ftags&post=8207"}],"curies":[{"name":"wp","href":"https:\/\/api.w.org\/{rel}","templated":true}]}}