{"id":7742,"date":"2013-10-24T20:57:23","date_gmt":"2013-10-24T20:57:23","guid":{"rendered":"http:\/\/navody.hurapapir.cz\/?p=7742"},"modified":"2013-10-24T20:58:10","modified_gmt":"2013-10-24T20:58:10","slug":"chlubici-albumek-pro-babicku-od-jiti","status":"publish","type":"post","link":"https:\/\/navody.hurapapir.cz\/?p=7742","title":{"rendered":"&#8222;CHLUB\u00cdC\u00cd&#8220; ALB\u016eMEK PRO BABI\u010cKU&#8230; od J\u00edti :-)"},"content":{"rendered":"<p><em>Foto a text J\u00ed\u0165a<\/em><\/p>\n<p>Na za\u010d\u00e1tku \u0159\u00edjna oslavila moje babi\u010dka 84. narozeniny. Lidem v\u00a0tomto v\u011bku se d\u00e1rky vyb\u00edraj\u00ed t\u011b\u017eko, v\u0161echno maj\u00ed, nic nepot\u0159ebuj\u00ed \u2026, asi to zn\u00e1te. Co v\u017edy ale zaru\u010den\u011b ud\u011bl\u00e1 radost, jsou fotky d\u011bt\u00ed, vnou\u010dat a pravnou\u010dat.<\/p>\n<p><a href=\"https:\/\/navody.hurapapir.cz\/wp-content\/uploads\/2013\/10\/Obr-1.jpg\"><img decoding=\"async\" loading=\"lazy\" class=\"aligncenter size-full wp-image-7743\" title=\"Obr 1\" src=\"https:\/\/navody.hurapapir.cz\/wp-content\/uploads\/2013\/10\/Obr-1-e1382648120637.jpg\" alt=\"\" width=\"480\" height=\"432\" \/><\/a><!--more--><\/p>\n<p>Narozeniny se bl\u00ed\u017eily a pot\u0159ebovala jsem n\u011bjak\u00e9 rychl\u00e9 \u0159e\u0161en\u00ed. Vybrala jsem si proto sadu na v\u00fdrobu <a href=\"http:\/\/www.hurapapir.cz\/ALBA-bloky-doplnky\/Basic-Grey-STELLA-RUBY-sada-na-vyrobu-minialba.html\">minialba<\/a> od Basic Grey z\u00a0kolekce Stella Ruby, kterou m\u00e1 Aktijka v\u00a0nab\u00eddce ve sv\u00e9m\u00a0obch\u016fdku. Jedn\u00e1 se dva archy o velikosti 30,5 x 30,5 cm s\u00a0v\u00fdseky 7 oboustrann\u011b poti\u0161t\u011bn\u00fdch list\u016f, obalu alba a\u00a0 36 oboustrann\u00fdch ozdob. Z\u00a0arch\u016f se jednotliv\u00e9 listy, obal i ozdoby \u201evyloupnou\u201c, spoj\u00ed se brads a slo\u017een\u00e9\u00a0 album m\u00e1 pak rozm\u011bry 12,5 x 10cm.<\/p>\n<p><a href=\"https:\/\/navody.hurapapir.cz\/wp-content\/uploads\/2013\/10\/Obr-2.jpg\"><img decoding=\"async\" loading=\"lazy\" class=\"aligncenter size-full wp-image-7744\" title=\"Obr 2\" src=\"https:\/\/navody.hurapapir.cz\/wp-content\/uploads\/2013\/10\/Obr-2-e1382648176640.jpg\" alt=\"\" width=\"480\" height=\"320\" \/><\/a><\/p>\n<p>Fotky jsem si nechala ud\u011blat ve velikosti 7,5 x 10cm, nemusela jsem je u\u017e o\u0159ez\u00e1vat a zbylo i n\u011bjak\u00e9 m\u00edste\u010dko na dopln\u011bn\u00ed nadpis\u016f \u2013 jmen a n\u011bjakou malou ozd\u016fbku. Pr\u00e1ce \u0161la hezky rychle od ruky a za jedno odpoledne bylo hotovo. M\u011bla jsem tolik fotek, \u017ee jsem n\u011bkter\u00e9 musela pou\u017e\u00edt jako kapsy na dal\u0161\u00ed sn\u00edmky a na konec alba jsem vlo\u017eila jeden list nav\u00edc \u2013 pou\u017eila jsem \u010dtvrtku ze stejn\u00e9 kolekce a rubovou b\u00edlou stranu jsem obarvila distresskama.<\/p>\n<p><a href=\"https:\/\/navody.hurapapir.cz\/wp-content\/uploads\/2013\/10\/Obr-3.jpg\"><img decoding=\"async\" loading=\"lazy\" class=\"aligncenter size-full wp-image-7745\" title=\"Obr 3\" src=\"https:\/\/navody.hurapapir.cz\/wp-content\/uploads\/2013\/10\/Obr-3-e1382648206159.jpg\" alt=\"\" width=\"480\" height=\"269\" \/><\/a><\/p>\n<p>Jednotliv\u00e9 str\u00e1nky jsem doplnila raz\u00edtky nebo chipboards od Kety, r\u016fzn\u00fdmi druhy samolep\u00edc\u00edch p\u00edsmenek, samolepkami Sn@p a v\u00fdseky z\u00a0raznic. Zdobila jsem jen decentn\u011b a nepou\u017e\u00edvala jsem \u017e\u00e1dn\u00e9 prostorov\u00e9 ozdoby, aby to bylo takov\u00e9 mal\u00e9 album do kabelky, kter\u00e9 m\u016f\u017ee bab\u010da kdykoliv vyt\u00e1hnout a pochlubit se svou rodinkou zn\u00e1m\u00fdm.<\/p>\n","protected":false},"excerpt":{"rendered":"<p>Foto a text J\u00ed\u0165a Na za\u010d\u00e1tku \u0159\u00edjna oslavila moje babi\u010dka 84. narozeniny. Lidem v\u00a0tomto v\u011bku se d\u00e1rky vyb\u00edraj\u00ed t\u011b\u017eko, v\u0161echno maj\u00ed, nic nepot\u0159ebuj\u00ed \u2026, asi to zn\u00e1te. Co v\u017edy ale zaru\u010den\u011b ud\u011bl\u00e1 radost, jsou fotky d\u011bt\u00ed, vnou\u010dat a pravnou\u010dat.<\/p>\n","protected":false},"author":2,"featured_media":0,"comment_status":"open","ping_status":"open","sticky":false,"template":"","format":"standard","meta":{"footnotes":""},"categories":[17],"tags":[],"_links":{"self":[{"href":"https:\/\/navody.hurapapir.cz\/index.php?rest_route=\/wp\/v2\/posts\/7742"}],"collection":[{"href":"https:\/\/navody.hurapapir.cz\/index.php?rest_route=\/wp\/v2\/posts"}],"about":[{"href":"https:\/\/navody.hurapapir.cz\/index.php?rest_route=\/wp\/v2\/types\/post"}],"author":[{"embeddable":true,"href":"https:\/\/navody.hurapapir.cz\/index.php?rest_route=\/wp\/v2\/users\/2"}],"replies":[{"embeddable":true,"href":"https:\/\/navody.hurapapir.cz\/index.php?rest_route=%2Fwp%2Fv2%2Fcomments&post=7742"}],"version-history":[{"count":3,"href":"https:\/\/navody.hurapapir.cz\/index.php?rest_route=\/wp\/v2\/posts\/7742\/revisions"}],"predecessor-version":[{"id":7809,"href":"https:\/\/navody.hurapapir.cz\/index.php?rest_route=\/wp\/v2\/posts\/7742\/revisions\/7809"}],"wp:attachment":[{"href":"https:\/\/navody.hurapapir.cz\/index.php?rest_route=%2Fwp%2Fv2%2Fmedia&parent=7742"}],"wp:term":[{"taxonomy":"category","embeddable":true,"href":"https:\/\/navody.hurapapir.cz\/index.php?rest_route=%2Fwp%2Fv2%2Fcategories&post=7742"},{"taxonomy":"post_tag","embeddable":true,"href":"https:\/\/navody.hurapapir.cz\/index.php?rest_route=%2Fwp%2Fv2%2Ftags&post=7742"}],"curies":[{"name":"wp","href":"https:\/\/api.w.org\/{rel}","templated":true}]}}