{"id":7731,"date":"2013-10-21T22:38:38","date_gmt":"2013-10-21T22:38:38","guid":{"rendered":"http:\/\/navody.hurapapir.cz\/?p=7731"},"modified":"2013-10-21T22:38:46","modified_gmt":"2013-10-21T22:38:46","slug":"pranicko-podle-darku-pro-aktijku","status":"publish","type":"post","link":"https:\/\/navody.hurapapir.cz\/?p=7731","title":{"rendered":"P\u0158\u00c1N\u00cd\u010cKO PODLE D\u00c1RKU&#8230; pro Aktijku :-)"},"content":{"rendered":"<p><em>Foto a text Astarte<\/em><br \/>\nPo\u0159\u00eddila jsem Aktijce d\u00e1rek k narozenin\u00e1m. Samoz\u0159ejm\u011b v pap\u00edrnictv\u00ed (m\u00e1 toho sv\u00fdho doma m\u00e1lo \ud83d\ude42 &#8211; elegantn\u00ed not\u00fdsek. A aby to byl ten spr\u00e1vn\u00fd d\u00e1rek pro scrapbooka\u0159ku, musela jsem k n\u011bmu vyladit i p\u0159\u00e1n\u00ed\u010dko.<\/p>\n<p><a href=\"https:\/\/navody.hurapapir.cz\/wp-content\/uploads\/2013\/10\/pranicko_aktijce_00_titulka.jpg\"><img decoding=\"async\" loading=\"lazy\" class=\"aligncenter size-full wp-image-7732\" title=\"pranicko_aktijce_00_titulka\" src=\"https:\/\/navody.hurapapir.cz\/wp-content\/uploads\/2013\/10\/pranicko_aktijce_00_titulka-e1382394837584.jpg\" alt=\"\" width=\"480\" height=\"320\" \/><\/a><br \/>\n<!--more-->Za\u010dala jsem t\u00edm, \u017ee jsem vybrala ty spr\u00e1vn\u011b barevn\u00e9 odst\u0159i\u017eky pap\u00edr\u016f a obkreslila si z not\u00fdsku hlavn\u00ed motiv mot\u00fdla.Vyst\u0159ihla jsem si pak rovnou dvoje k\u0159\u00eddla, v\u0161ak je n\u011bkde na p\u0159\u00e1n\u00ed\u010dko ud\u00e1m.<\/p>\n<p><a href=\"https:\/\/navody.hurapapir.cz\/wp-content\/uploads\/2013\/10\/pranicko_aktijce_01.jpg\"><img decoding=\"async\" loading=\"lazy\" class=\"aligncenter size-full wp-image-7733\" title=\"pranicko_aktijce_01\" src=\"https:\/\/navody.hurapapir.cz\/wp-content\/uploads\/2013\/10\/pranicko_aktijce_01-e1382394895688.jpg\" alt=\"\" width=\"480\" height=\"320\" \/><\/a><br \/>\nProto\u017ee v\u0161echny tvary na not\u00fdsku byly odd\u011blen\u00e9 zlatou linkou, stalo se hlavn\u00ed ozdobou p\u0159\u00e1n\u00ed\u010dka zlat\u00e9 embossov\u00e1n\u00ed. Chlope\u0148 p\u0159\u00e1n\u00ed\u010dka, kter\u00e1 simuluje zav\u00edr\u00e1n\u00ed not\u00fdsku, jsem nakonec napevno p\u0159ilepila. Pozd\u011bji mi to p\u0159i\u0161lo l\u00edto, proto\u017ee se ji ka\u017ed\u00fd sna\u017eil otev\u0159\u00edt \ud83d\ude42 Mohla jsem tam zabudovat n\u011bjakou legr\u00e1cku.<\/p>\n<p><a href=\"https:\/\/navody.hurapapir.cz\/wp-content\/uploads\/2013\/10\/pranicko_aktijce_02.jpg\"><img decoding=\"async\" loading=\"lazy\" class=\"aligncenter size-full wp-image-7734\" title=\"pranicko_aktijce_02\" src=\"https:\/\/navody.hurapapir.cz\/wp-content\/uploads\/2013\/10\/pranicko_aktijce_02-e1382394932974.jpg\" alt=\"\" width=\"480\" height=\"320\" \/><\/a><\/p>\n<p>Na not\u00fdsku byly hojn\u011b pou\u017eity barvy s metalicky leskl\u00fdm povrchem nebo zlat\u011b te\u010dkovan\u00e9. Takov\u00e9 pap\u00edry moc nevlastn\u00edm, dalo mi dost pr\u00e1ce naj\u00edt alespo\u0148 jeden bl\u00fdskav\u00fd, ale cht\u011bla jsem zachovat ten dojem noblesnosti a nev\u0161ednosti. Nakonec jsem si se zlat\u00fdmi te\u010dkami poradila tak, \u017ee jsem \u010dtvrtku zlehka posypala embossovac\u00edm pr\u00e1\u0161kem a horkovzdu\u0161nou pistol\u00ed zespodu zatavila. Zespodu proto, abych si pr\u00e1\u0161ek neodfoukla, kdy\u017e nedr\u017eel na n\u011b\u010dem vlhk\u00e9m.<\/p>\n<p><a href=\"https:\/\/navody.hurapapir.cz\/wp-content\/uploads\/2013\/10\/pranicko_aktijce_03.jpg\"><img decoding=\"async\" loading=\"lazy\" class=\"aligncenter size-full wp-image-7735\" title=\"pranicko_aktijce_03\" src=\"https:\/\/navody.hurapapir.cz\/wp-content\/uploads\/2013\/10\/pranicko_aktijce_03-e1382394970962.jpg\" alt=\"\" width=\"480\" height=\"320\" \/><\/a><\/p>\n<p>Zlat\u011b metalick\u00fd lesk na pap\u00ed\u0159e jsem zase ud\u011blala tak, \u017ee jsem si zlatou gelovkou po\u010dm\u00e1rala kousek folie a pak jsem ji ot\u00edrala o pap\u00edr.<\/p>\n<p><a href=\"https:\/\/navody.hurapapir.cz\/wp-content\/uploads\/2013\/10\/pranicko_aktijce_04.jpg\"><img decoding=\"async\" loading=\"lazy\" class=\"aligncenter size-full wp-image-7736\" title=\"pranicko_aktijce_04\" src=\"https:\/\/navody.hurapapir.cz\/wp-content\/uploads\/2013\/10\/pranicko_aktijce_04-e1382395001235.jpg\" alt=\"\" width=\"480\" height=\"320\" \/><\/a><br \/>\nV\u00fdsledek nakonec dopadl docela dob\u0159e, alespo\u0148 na to, jak hrozn\u011b se mi t\u0159\u00e1sly ruce. Byl to za cel\u00e9 pr\u00e1zdniny asi m\u016fj jedin\u00fd scrap \ud83d\ude42 Aktijka m\u011bla radost, to bylo hlavn\u00ed. A snad i not\u00fdsek k n\u011b\u010demu u\u017eije.<\/p>\n<p><a href=\"https:\/\/navody.hurapapir.cz\/wp-content\/uploads\/2013\/10\/pranicko_aktijce_05.jpg\"><img decoding=\"async\" loading=\"lazy\" class=\"aligncenter size-full wp-image-7737\" title=\"pranicko_aktijce_05\" src=\"https:\/\/navody.hurapapir.cz\/wp-content\/uploads\/2013\/10\/pranicko_aktijce_05-e1382395044717.jpg\" alt=\"\" width=\"480\" height=\"412\" \/><\/a><\/p>\n<p>Pro mne zase bylo celkem z\u00e1bavn\u00e9 vytv\u00e1\u0159et p\u0159\u00e1n\u00ed\u010dko podle d\u00e1rku. Mohla bych z toho ud\u011blat zvyk &#8211; m\u00e9mu otci jsme se k narozenin\u00e1m slo\u017eili na ud\u00edrnu. U\u017e si to p\u0159\u00e1n\u00ed za\u010d\u00edn\u00e1m\u00a0 p\u0159edstavovat .. jak tam vis\u00ed.. \u0161unky, ryby, klob\u00e1sy.. \ud83d\ude00<\/p>\n","protected":false},"excerpt":{"rendered":"<p>Foto a text Astarte Po\u0159\u00eddila jsem Aktijce d\u00e1rek k narozenin\u00e1m. Samoz\u0159ejm\u011b v pap\u00edrnictv\u00ed (m\u00e1 toho sv\u00fdho doma m\u00e1lo \ud83d\ude42 &#8211; elegantn\u00ed not\u00fdsek. A aby to byl ten spr\u00e1vn\u00fd d\u00e1rek pro scrapbooka\u0159ku, musela jsem k n\u011bmu vyladit i p\u0159\u00e1n\u00ed\u010dko.<\/p>\n","protected":false},"author":2,"featured_media":0,"comment_status":"open","ping_status":"open","sticky":false,"template":"","format":"standard","meta":{"footnotes":""},"categories":[20],"tags":[87,83,37],"_links":{"self":[{"href":"https:\/\/navody.hurapapir.cz\/index.php?rest_route=\/wp\/v2\/posts\/7731"}],"collection":[{"href":"https:\/\/navody.hurapapir.cz\/index.php?rest_route=\/wp\/v2\/posts"}],"about":[{"href":"https:\/\/navody.hurapapir.cz\/index.php?rest_route=\/wp\/v2\/types\/post"}],"author":[{"embeddable":true,"href":"https:\/\/navody.hurapapir.cz\/index.php?rest_route=\/wp\/v2\/users\/2"}],"replies":[{"embeddable":true,"href":"https:\/\/navody.hurapapir.cz\/index.php?rest_route=%2Fwp%2Fv2%2Fcomments&post=7731"}],"version-history":[{"count":3,"href":"https:\/\/navody.hurapapir.cz\/index.php?rest_route=\/wp\/v2\/posts\/7731\/revisions"}],"predecessor-version":[{"id":7808,"href":"https:\/\/navody.hurapapir.cz\/index.php?rest_route=\/wp\/v2\/posts\/7731\/revisions\/7808"}],"wp:attachment":[{"href":"https:\/\/navody.hurapapir.cz\/index.php?rest_route=%2Fwp%2Fv2%2Fmedia&parent=7731"}],"wp:term":[{"taxonomy":"category","embeddable":true,"href":"https:\/\/navody.hurapapir.cz\/index.php?rest_route=%2Fwp%2Fv2%2Fcategories&post=7731"},{"taxonomy":"post_tag","embeddable":true,"href":"https:\/\/navody.hurapapir.cz\/index.php?rest_route=%2Fwp%2Fv2%2Ftags&post=7731"}],"curies":[{"name":"wp","href":"https:\/\/api.w.org\/{rel}","templated":true}]}}