{"id":7703,"date":"2013-10-15T23:07:43","date_gmt":"2013-10-15T23:07:43","guid":{"rendered":"http:\/\/navody.hurapapir.cz\/?p=7703"},"modified":"2013-10-15T23:07:43","modified_gmt":"2013-10-15T23:07:43","slug":"podzimni-pozdraveni-od-awellany","status":"publish","type":"post","link":"https:\/\/navody.hurapapir.cz\/?p=7703","title":{"rendered":"PODZIMN\u00cd POZDRAVEN\u00cd&#8230; od Awellany :-)"},"content":{"rendered":"<p><em>Foto a text Awellana<\/em><\/p>\n<p>Je tady neoddiskutovateln\u011b podzim. A v\u00edte co \u2013 kamenujte m\u011b, ale je to moje nejobl\u00edben\u011bj\u0161\u00ed ro\u010dn\u00ed obdob\u00ed. Pravda, je trochu chladn\u011bji \u2013 kra\u0165asy u\u017e bych neobl\u00e9kla, ale o to l\u00e9pe chutn\u00e1 \u010daj se slivovic\u00ed (a \u017ee ta leto\u0161n\u00ed je!) nebo sva\u0159\u00e1k. Venku plno barev, slun\u00ed\u010dko se state\u010dn\u011b pere s\u00a0rann\u00edmi mlhami, v\u016fn\u011b jablek, zoran\u00e9 hl\u00edny a pt\u00e1ci, kte\u0159\u00ed se houfuj\u00ed k\u00a0odletu\u2026 N\u011bkte\u0159\u00ed. Jin\u00ed u\u017e te\u010f l\u00edtaj\u00ed ke mn\u011b na balkon, vyzob\u00e1vaj\u00ed slune\u010dnici, kterou jsem jim od jara p\u011bstovala na zimu a d\u011blaj\u00ed tam binec. Ale tohle p\u0159\u00e1n\u00ed\u010dko je o t\u011bch, co sed\u00ed na dr\u00e1tech a chystaj\u00ed se pry\u010d.<\/p>\n<p><a href=\"https:\/\/navody.hurapapir.cz\/wp-content\/uploads\/2013\/10\/foto-9.jpg\"><img decoding=\"async\" loading=\"lazy\" class=\"aligncenter size-full wp-image-7704\" title=\"foto 9\" src=\"https:\/\/navody.hurapapir.cz\/wp-content\/uploads\/2013\/10\/foto-9-e1381877947681.jpg\" alt=\"\" width=\"480\" height=\"351\" \/><\/a><!--more--><\/p>\n<p>Budete pot\u0159ebovat:<\/p>\n<ul>\n<li>b\u00edlou \u010dtvrtku<\/li>\n<\/ul>\n<ul>\n<li>podzimn\u011b lad\u011bn\u00e9 barevn\u00e9 \u010dtvrtky na podr\u00e1mov\u00e1n\u00ed\u00a0 &#8211; aspo\u0148 3 barvy<\/li>\n<\/ul>\n<ul>\n<li>motiv pt\u00e1k\u016f \u2013\u00a0 pou\u017eila jsem \u0161ablonu MB, ale klidn\u011b m\u016f\u017ee b\u00fdt raz\u00edtko<\/li>\n<\/ul>\n<ul>\n<li>tenk\u00fd \u0161pag\u00e1tek nebo kuchy\u0148skou nit, brads<\/li>\n<\/ul>\n<ul>\n<li>\u0159ez\u00e1k, kovov\u00e9 prav\u00edtko, tu\u017eku, lepidlo, 3D \u010dtvere\u010dky nebo p\u00e1ska<\/li>\n<\/ul>\n<ul>\n<li>BS, embossovac\u00ed kapsu (foto 1,2)<\/li>\n<\/ul>\n<p><a href=\"https:\/\/navody.hurapapir.cz\/wp-content\/uploads\/2013\/10\/foto-1.jpg\"><img decoding=\"async\" loading=\"lazy\" class=\"aligncenter size-full wp-image-7705\" title=\"foto 1\" src=\"https:\/\/navody.hurapapir.cz\/wp-content\/uploads\/2013\/10\/foto-1-e1381878004767.jpg\" alt=\"\" width=\"480\" height=\"381\" \/><\/a><\/p>\n<p><a href=\"https:\/\/navody.hurapapir.cz\/wp-content\/uploads\/2013\/10\/foto-2.jpg\"><img decoding=\"async\" loading=\"lazy\" class=\"aligncenter size-full wp-image-7706\" title=\"foto 2\" src=\"https:\/\/navody.hurapapir.cz\/wp-content\/uploads\/2013\/10\/foto-2-e1381878035759.jpg\" alt=\"\" width=\"480\" height=\"452\" \/><\/a><\/p>\n<p>A je to celkem rychl\u00e9. Za\u010dn\u011bte od nejmen\u0161\u00edho b\u00edl\u00e9ho obd\u00e9ln\u00ed\u010dku \u2013 velikost zvolte podle pou\u017eit\u00e9ho motivu pt\u00e1k\u016f (\u0161ablony nebo raz\u00edtka). Proto\u017ee jsem pou\u017eila MB \u0161ablonu, sta\u010dil mi rozm\u011br 2,5 x 8 cm. Dal\u0161\u00ed r\u00e1me\u010dky jsou v\u017edycky o 3 mm\u00a0 \u0161ir\u0161\u00ed a del\u0161\u00ed \u2013 barvy skl\u00e1dejte podle libosti.<\/p>\n<p>Slep\u00edme barevn\u00e9 r\u00e1me\u010dky,\u00a0 nahoru p\u0159ilep\u00edme b\u00edl\u00fd obd\u00e9ln\u00edk. Vy\u0159\u00edzneme si pt\u00e1\u010dky.<\/p>\n<p><a href=\"https:\/\/navody.hurapapir.cz\/wp-content\/uploads\/2013\/10\/foto-3.jpg\"><img decoding=\"async\" loading=\"lazy\" class=\"aligncenter size-full wp-image-7707\" title=\"foto 3\" src=\"https:\/\/navody.hurapapir.cz\/wp-content\/uploads\/2013\/10\/foto-3-e1381878070493.jpg\" alt=\"\" width=\"480\" height=\"371\" \/><\/a><\/p>\n<p>Do navrstven\u00e9ho obd\u00e9ln\u00edku prop\u00edchneme po stran\u00e1ch d\u00edrky, p\u0159ipevn\u00edme prov\u00e1zek \u2013 m\u016f\u017eeme pou\u017e\u00edt brads, eylets, nebo jen tak provl\u00e9knout a ud\u011blat uzl\u00edk \u2013 jak se komu l\u00edb\u00ed a co m\u00e1 zrovna po ruce. A pak na nit posad\u00edme pt\u00e1\u010dky jako na dr\u00e1t \u2013 lepila jsem je na 3D \u010dtvere\u010dky, kter\u00e9 jsem upravila \u201ena m\u00edru\u201c.<\/p>\n<p><a href=\"https:\/\/navody.hurapapir.cz\/wp-content\/uploads\/2013\/10\/foto-6.jpg\"><img decoding=\"async\" loading=\"lazy\" class=\"aligncenter size-full wp-image-7708\" title=\"foto 6\" src=\"https:\/\/navody.hurapapir.cz\/wp-content\/uploads\/2013\/10\/foto-6-e1381878155439.jpg\" alt=\"\" width=\"480\" height=\"217\" \/><\/a><\/p>\n<p><a href=\"https:\/\/navody.hurapapir.cz\/wp-content\/uploads\/2013\/10\/foto-7.jpg\"><img decoding=\"async\" loading=\"lazy\" class=\"aligncenter size-full wp-image-7709\" title=\"foto 7\" src=\"https:\/\/navody.hurapapir.cz\/wp-content\/uploads\/2013\/10\/foto-7-e1381878180518.jpg\" alt=\"\" width=\"480\" height=\"216\" \/><\/a><\/p>\n<p>Cel\u00e9 d\u00edlko jsem 3D p\u00e1skou nalepila na embossovan\u00fd b\u00edl\u00fd z\u00e1klad (op\u011bt podlepen\u00fd barevn\u00fdm pap\u00edrem \u2013 zn\u00e1te m\u011b!).<\/p>\n<p><a href=\"https:\/\/navody.hurapapir.cz\/wp-content\/uploads\/2013\/10\/foto-8.jpg\"><img decoding=\"async\" loading=\"lazy\" class=\"aligncenter size-full wp-image-7710\" title=\"foto 8\" src=\"https:\/\/navody.hurapapir.cz\/wp-content\/uploads\/2013\/10\/foto-8.jpg\" alt=\"\" width=\"480\" height=\"221\" srcset=\"https:\/\/navody.hurapapir.cz\/wp-content\/uploads\/2013\/10\/foto-8.jpg 480w, https:\/\/navody.hurapapir.cz\/wp-content\/uploads\/2013\/10\/foto-8-300x138.jpg 300w\" sizes=\"(max-width: 480px) 100vw, 480px\" \/><\/a><\/p>\n<p>A asi by to \u0161lo i naopak \u2013 embossovan\u00fd ColorCore pap\u00edr osmirkovat na podklad, barevn\u00e9 pt\u00e1\u010dky na tmav\u00fd z\u00e1klad \u2013 je prost\u011b podzim, tak si poj\u010fme hr\u00e1t s\u00a0barvami.<\/p>\n<p><a href=\"https:\/\/navody.hurapapir.cz\/wp-content\/uploads\/2013\/10\/foto-91.jpg\"><img decoding=\"async\" loading=\"lazy\" class=\"aligncenter size-full wp-image-7711\" title=\"foto 9\" src=\"https:\/\/navody.hurapapir.cz\/wp-content\/uploads\/2013\/10\/foto-91-e1381878235232.jpg\" alt=\"\" width=\"480\" height=\"351\" \/><\/a><\/p>\n<p>Je\u017ekovy vo\u010di! Te\u010f to vid\u00edm \u2013 j\u00e1 jsem vlastn\u011b liftla sama sebe! Pokud si vzpomenete, tak n\u011bco t\u00e9m\u011b\u0159 \u00fapln\u011b stejn\u00e9ho jsem d\u011blala letos na Valent\u00fdna, jen barvy byly jin\u00e9 a taky motiv. Pak \u017ee jsem n\u00e1ramn\u011b origin\u00e1ln\u00ed \u2013 ale v\u00edte vy co? Pro\u010d to teda nevyu\u017e\u00edt a\u017e do \u00fapln\u00e9ho konce \u2013 na stejn\u00e9 t\u00e9ma ud\u011bl\u00e1m je\u0161t\u011b n\u011bco zimn\u00edho, v\u017edy\u0165 u\u017e to taky klepe na dve\u0159e.<\/p>\n<p>Postup znovu popisovat nebudu \u2013 bude to stejn\u00e9, jen rozm\u011br nejmen\u0161\u00edho\u00a0 b\u00edl\u00e9ho obd\u00e9ln\u00ed\u010dku si zvol\u00edte podle velikosti vlo\u010dek \u010di raz\u00edtka. A barvy u\u017e jak je libo \u2013 od modr\u00fdch\u00a0 zimn\u00edch po barevn\u00e9, proto\u017ee kdy\u017e\u00a0 pod r\u00e1me\u010dek vsuneme strome\u010dek (mysl\u00edm \u017ee vloni byl tady na blogu i hezk\u00fd tutori\u00e1lek na skl\u00e1dan\u00fd strome\u010dek, ale j\u00e1 m\u00e1m jin\u00fd), tak m\u00e1me v\u00e1no\u010dn\u00ed p\u0159\u00e1n\u00ed raz dva.<\/p>\n<p><a href=\"https:\/\/navody.hurapapir.cz\/wp-content\/uploads\/2013\/10\/foto-10.jpg\"><img decoding=\"async\" loading=\"lazy\" class=\"aligncenter size-full wp-image-7712\" title=\"foto 10\" src=\"https:\/\/navody.hurapapir.cz\/wp-content\/uploads\/2013\/10\/foto-10-e1381878380865.jpg\" alt=\"\" width=\"480\" height=\"382\" \/><\/a><\/p>\n<p>Tak\u017ee, mil\u00e9 d\u00e1my, \u017easn\u011bte! J\u00e1 jsem vymyslela PODR\u00c1MOVAN\u00dd OBD\u00c9LN\u00cd\u010cEK \ud83d\ude42<\/p>\n","protected":false},"excerpt":{"rendered":"<p>Foto a text Awellana Je tady neoddiskutovateln\u011b podzim. A v\u00edte co \u2013 kamenujte m\u011b, ale je to moje nejobl\u00edben\u011bj\u0161\u00ed ro\u010dn\u00ed obdob\u00ed. Pravda, je trochu chladn\u011bji \u2013 kra\u0165asy u\u017e bych neobl\u00e9kla, ale o to l\u00e9pe chutn\u00e1 \u010daj se slivovic\u00ed (a \u017ee ta leto\u0161n\u00ed je!) nebo sva\u0159\u00e1k. Venku plno barev, slun\u00ed\u010dko se state\u010dn\u011b pere s\u00a0rann\u00edmi mlhami, v\u016fn\u011b &hellip;<br \/><a href=\"https:\/\/navody.hurapapir.cz\/?p=7703\" class=\"more-link pen_button pen_element_default pen_icon_arrow_double\">Pokra\u010dovat ve\u00a0\u010dten\u00ed <span class=\"screen-reader-text\">PODZIMN\u00cd POZDRAVEN\u00cd&#8230; od Awellany \ud83d\ude42<\/span><\/a><\/p>\n","protected":false},"author":2,"featured_media":0,"comment_status":"open","ping_status":"open","sticky":false,"template":"","format":"standard","meta":{"footnotes":""},"categories":[19],"tags":[70,37],"_links":{"self":[{"href":"https:\/\/navody.hurapapir.cz\/index.php?rest_route=\/wp\/v2\/posts\/7703"}],"collection":[{"href":"https:\/\/navody.hurapapir.cz\/index.php?rest_route=\/wp\/v2\/posts"}],"about":[{"href":"https:\/\/navody.hurapapir.cz\/index.php?rest_route=\/wp\/v2\/types\/post"}],"author":[{"embeddable":true,"href":"https:\/\/navody.hurapapir.cz\/index.php?rest_route=\/wp\/v2\/users\/2"}],"replies":[{"embeddable":true,"href":"https:\/\/navody.hurapapir.cz\/index.php?rest_route=%2Fwp%2Fv2%2Fcomments&post=7703"}],"version-history":[{"count":1,"href":"https:\/\/navody.hurapapir.cz\/index.php?rest_route=\/wp\/v2\/posts\/7703\/revisions"}],"predecessor-version":[{"id":7713,"href":"https:\/\/navody.hurapapir.cz\/index.php?rest_route=\/wp\/v2\/posts\/7703\/revisions\/7713"}],"wp:attachment":[{"href":"https:\/\/navody.hurapapir.cz\/index.php?rest_route=%2Fwp%2Fv2%2Fmedia&parent=7703"}],"wp:term":[{"taxonomy":"category","embeddable":true,"href":"https:\/\/navody.hurapapir.cz\/index.php?rest_route=%2Fwp%2Fv2%2Fcategories&post=7703"},{"taxonomy":"post_tag","embeddable":true,"href":"https:\/\/navody.hurapapir.cz\/index.php?rest_route=%2Fwp%2Fv2%2Ftags&post=7703"}],"curies":[{"name":"wp","href":"https:\/\/api.w.org\/{rel}","templated":true}]}}