{"id":6206,"date":"2013-05-14T22:39:26","date_gmt":"2013-05-14T22:39:26","guid":{"rendered":"http:\/\/navody.hurapapir.cz\/?p=6206"},"modified":"2013-06-05T22:06:05","modified_gmt":"2013-06-05T22:06:05","slug":"zoner-fotoden-ve-svitavach","status":"publish","type":"post","link":"https:\/\/navody.hurapapir.cz\/?p=6206","title":{"rendered":"Zoner FOTOden ve Svitav\u00e1ch&#8230;"},"content":{"rendered":"<p><em>Foto a text Astarte<\/em><\/p>\n<div>\n<p>Se ZonerPressem m\u00e1me tradi\u010dn\u011b dobr\u00e9 zku\u0161enosti. V\u011bnuj\u00ed se hodn\u011b knih\u00e1m o  focen\u00ed a p\u0159ed p\u00e1r lety n\u00e1m vydali i na\u0161i knihu o scrapbooku (mimochodem, z  cel\u00e9ho n\u00e1kladu jsme je\u0161t\u011b z\u00edskali n\u011bkolik posledn\u00edch kus\u016f k prodeji). Kdy\u017e tedy p\u0159i\u0161li s  nab\u00eddkou, abychom se z\u00fa\u010dastnily Zoner FOTOdne na t\u00e9ma &#8222;rodinn\u00e1 fotografie&#8220;,  nebylo pro\u010d v\u00e1hat.<\/p>\n<\/div>\n<div>\n<p>Pod hlavi\u010dkou Zoner FOTOden prob\u00edhaj\u00ed celodenn\u00ed akce na dan\u00e9 t\u00e9ma, na  kter\u00fdch se m\u016f\u017eete z\u00fa\u010dastnit nejr\u016fzn\u011bj\u0161\u00edch p\u0159edn\u00e1\u0161ek a workshop\u016f o focen\u00ed,  upravov\u00e1n\u00ed fotek, technick\u00fdch vymo\u017eenostech a ob\u010das i n\u011b\u010deho nav\u00edc, co\u017e jsme  tentokr\u00e1t se scrapem byly my. No uznejte, k t\u00e9matu rodinn\u00e9 fotografie a  fotografov\u00e1n\u00ed d\u011bt\u00ed scrapbook opravdu pat\u0159\u00ed.<\/p>\n<\/div>\n<div>\n<p><a href=\"https:\/\/navody.hurapapir.cz\/wp-content\/uploads\/2013\/05\/fotoden_01.jpg\"><img decoding=\"async\" loading=\"lazy\" class=\"aligncenter size-full wp-image-6207\" title=\"fotoden_01\" src=\"https:\/\/navody.hurapapir.cz\/wp-content\/uploads\/2013\/05\/fotoden_01-e1368569855578.jpg\" alt=\"\" width=\"480\" height=\"720\" \/><\/a><!--more--><\/p>\n<\/div>\n<div>\n<p>Hlavn\u00ed osobou byla samoz\u0159ejm\u011b Aktijka se sv\u00fdm Hur\u00e1pap\u00edrem, nebo alespo\u0148 tou  \u010d\u00e1st\u00ed, kter\u00e1 se ve\u0161la do auta. Tento FOTOden se toti\u017e konal ve Svitav\u00e1ch a nav\u00edc  na po\u017e\u00e1d\u00e1n\u00ed hostitelsk\u00e9ho fotoklubu v p\u00e1tek. V sobotu tam pak m\u011bli n\u011bjak\u00e9  fotografick\u00e9 mecheche s p\u0159ed\u00e1v\u00e1n\u00edm cen za sout\u011b\u017e.<\/p>\n<\/div>\n<div>\n<p>Ve slo\u017een\u00ed Aktijka, Pettie a j\u00e1 jsme tedy vyrazily povzn\u00e9st informovanost  fotograf\u016f o scrapbooku. Rozlo\u017eily jsme se p\u011bkn\u011b v rohu chodby, aby n\u00e1s nikdo  nep\u0159ehl\u00e9dl, vybalily minialbaalba, str\u00e1nky a p\u0159\u00e1n\u00ed\u010dka na uk\u00e1zku, taky dv\u011b  hrabac\u00ed krabice z obch\u016fdku &#8211; a neomyln\u011b st\u00e1hly v\u0161echny \u017eensk\u00e9 z okol\u00ed. I chlapi  se samoz\u0159ejm\u011b koukli, ale \u017eensk\u00e9 maj\u00ed prost\u011b ke scrapu ten prav\u00fd vztah. Tak\u017ee se  prohl\u00ed\u017eelo, pov\u00eddalo, zkou\u0161elo, tvo\u0159ilo i hrabalo v obch\u016fdku .. a v\u0161echno s  radost\u00ed a nad\u0161en\u00edm.<\/p>\n<\/div>\n<div>\n<p>M\u011bla jsem s sebou je\u0161t\u011b M\u00ed\u0161u &#8211; jako modelku na odpoledn\u00ed workshopy o focen\u00ed  d\u011bt\u00ed &#8211; ale byla naprosto zlat\u00e1. Aktijka j\u00ed p\u016fj\u010dila raz\u00edtka, barvi\u010dky a \u0161t\u011btec,  j\u00e1 vybalila washi p\u00e1sky a z M\u00ed\u0161i byla r\u00e1zem velice \u017eiv\u00e1 reklama na scrapbook a  cel\u00e9 dopoledne tvo\u0159ila a tvo\u0159ila.<\/p>\n<\/div>\n<div>\n<p><a href=\"https:\/\/navody.hurapapir.cz\/wp-content\/uploads\/2013\/05\/fotoden_10.jpg\"><img decoding=\"async\" loading=\"lazy\" class=\"aligncenter size-full wp-image-6208\" title=\"fotoden_10\" src=\"https:\/\/navody.hurapapir.cz\/wp-content\/uploads\/2013\/05\/fotoden_10-e1368570055510.jpg\" alt=\"\" width=\"480\" height=\"324\" \/><\/a><\/p>\n<\/div>\n<div>\n<p><a href=\"https:\/\/navody.hurapapir.cz\/wp-content\/uploads\/2013\/05\/fotoden_08.jpg\"><img decoding=\"async\" loading=\"lazy\" class=\"aligncenter size-full wp-image-6209\" title=\"fotoden_08\" src=\"https:\/\/navody.hurapapir.cz\/wp-content\/uploads\/2013\/05\/fotoden_08-e1368570212922.jpg\" alt=\"\" width=\"480\" height=\"319\" \/><\/a><\/p>\n<\/div>\n<div>\n<p>Odpoledne se pak fotilo, M\u00ed\u0161a vzorn\u011b p\u00f3zovala a\u00a0 j\u00e1 stihla p\u0159i veden\u00ed  workshopu taky p\u00e1r p\u011bkn\u00fdch fotek. Aspo\u0148 bude na kalend\u00e1\u0159.<\/p>\n<\/div>\n<div>\n<p><a href=\"https:\/\/navody.hurapapir.cz\/wp-content\/uploads\/2013\/05\/fotoden_00_milanK.jpg\"><img decoding=\"async\" loading=\"lazy\" class=\"aligncenter size-full wp-image-6210\" title=\"fotoden_00_milanK\" src=\"https:\/\/navody.hurapapir.cz\/wp-content\/uploads\/2013\/05\/fotoden_00_milanK-e1368570323273.jpg\" alt=\"\" width=\"480\" height=\"235\" \/><\/a><\/p>\n<\/div>\n<div>\n<p><a href=\"https:\/\/navody.hurapapir.cz\/wp-content\/uploads\/2013\/05\/fotoden_19.jpg\"><img decoding=\"async\" loading=\"lazy\" class=\"aligncenter size-full wp-image-6212\" title=\"fotoden_19\" src=\"https:\/\/navody.hurapapir.cz\/wp-content\/uploads\/2013\/05\/fotoden_19-e1368570822145.jpg\" alt=\"\" width=\"480\" height=\"720\" \/><\/a><\/p>\n<\/div>\n<div>\n<p><a href=\"https:\/\/navody.hurapapir.cz\/wp-content\/uploads\/2013\/05\/fotoden_17.jpg\"><img decoding=\"async\" loading=\"lazy\" class=\"aligncenter size-full wp-image-6211\" title=\"fotoden_17\" src=\"https:\/\/navody.hurapapir.cz\/wp-content\/uploads\/2013\/05\/fotoden_17-e1368570534373.jpg\" alt=\"\" width=\"480\" height=\"720\" \/><\/a><\/p>\n<\/div>\n<div>\n<p>Celkov\u011b to byl vyda\u0159en\u00fd v\u00fdlet, p\u0159i kter\u00e9m jsme zase o kousek roz\u0161\u00ed\u0159ily ten  n\u00e1\u0161 kr\u00e1sn\u00fd kon\u00ed\u010dek mezi lidi.<\/p>\n<\/div>\n<div>\n<p>A jestli v\u00e1s zaj\u00edm\u00e1, kdy bude dal\u0161\u00ed fotoden nebo brn\u011bnsk\u00fd workshop o  \u00faprav\u00e1ch fotografi\u00ed, koukn\u011bte se na str\u00e1nky Zoner FOTOden (<a href=\"http:\/\/fotoden.cz\/pripravovane-akce.php\">http:\/\/fotoden.cz\/pripravovane-akce.php<\/a>)&#8230; nebo ofici\u00e1ln\u00ed Zoner zpr\u00e1vu o tomto dni najdete <a href=\"http:\/\/fotoden.cz\/kveten2013\/shrnuti.html\" target=\"_blank\">zde<\/a>.<\/p>\n<\/div>\n","protected":false},"excerpt":{"rendered":"<p>Foto a text Astarte Se ZonerPressem m\u00e1me tradi\u010dn\u011b dobr\u00e9 zku\u0161enosti. V\u011bnuj\u00ed se hodn\u011b knih\u00e1m o focen\u00ed a p\u0159ed p\u00e1r lety n\u00e1m vydali i na\u0161i knihu o scrapbooku (mimochodem, z cel\u00e9ho n\u00e1kladu jsme je\u0161t\u011b z\u00edskali n\u011bkolik posledn\u00edch kus\u016f k prodeji). Kdy\u017e tedy p\u0159i\u0161li s nab\u00eddkou, abychom se z\u00fa\u010dastnily Zoner FOTOdne na t\u00e9ma &#8222;rodinn\u00e1 fotografie&#8220;, nebylo pro\u010d &hellip;<br \/><a href=\"https:\/\/navody.hurapapir.cz\/?p=6206\" class=\"more-link pen_button pen_element_default pen_icon_arrow_double\">Pokra\u010dovat ve\u00a0\u010dten\u00ed <span class=\"screen-reader-text\">Zoner FOTOden ve Svitav\u00e1ch&#8230;<\/span><\/a><\/p>\n","protected":false},"author":2,"featured_media":0,"comment_status":"open","ping_status":"open","sticky":false,"template":"","format":"standard","meta":{"footnotes":""},"categories":[143],"tags":[87],"_links":{"self":[{"href":"https:\/\/navody.hurapapir.cz\/index.php?rest_route=\/wp\/v2\/posts\/6206"}],"collection":[{"href":"https:\/\/navody.hurapapir.cz\/index.php?rest_route=\/wp\/v2\/posts"}],"about":[{"href":"https:\/\/navody.hurapapir.cz\/index.php?rest_route=\/wp\/v2\/types\/post"}],"author":[{"embeddable":true,"href":"https:\/\/navody.hurapapir.cz\/index.php?rest_route=\/wp\/v2\/users\/2"}],"replies":[{"embeddable":true,"href":"https:\/\/navody.hurapapir.cz\/index.php?rest_route=%2Fwp%2Fv2%2Fcomments&post=6206"}],"version-history":[{"count":5,"href":"https:\/\/navody.hurapapir.cz\/index.php?rest_route=\/wp\/v2\/posts\/6206\/revisions"}],"predecessor-version":[{"id":6491,"href":"https:\/\/navody.hurapapir.cz\/index.php?rest_route=\/wp\/v2\/posts\/6206\/revisions\/6491"}],"wp:attachment":[{"href":"https:\/\/navody.hurapapir.cz\/index.php?rest_route=%2Fwp%2Fv2%2Fmedia&parent=6206"}],"wp:term":[{"taxonomy":"category","embeddable":true,"href":"https:\/\/navody.hurapapir.cz\/index.php?rest_route=%2Fwp%2Fv2%2Fcategories&post=6206"},{"taxonomy":"post_tag","embeddable":true,"href":"https:\/\/navody.hurapapir.cz\/index.php?rest_route=%2Fwp%2Fv2%2Ftags&post=6206"}],"curies":[{"name":"wp","href":"https:\/\/api.w.org\/{rel}","templated":true}]}}