{"id":6181,"date":"2013-05-12T17:23:33","date_gmt":"2013-05-12T17:23:33","guid":{"rendered":"http:\/\/navody.hurapapir.cz\/?p=6181"},"modified":"2013-05-12T17:36:04","modified_gmt":"2013-05-12T17:36:04","slug":"den-matek-jen-tak","status":"publish","type":"post","link":"https:\/\/navody.hurapapir.cz\/?p=6181","title":{"rendered":"DEN MATEK&#8230; jen tak :-)"},"content":{"rendered":"<p>Dnes BYL den matek \ud83d\ude42 Tak jako ka\u017ed\u00e1 m\u00e1ma m\u00e1m samoz\u0159ejm\u011b ty nejlep\u0161\u00ed a nejhez\u010d\u00ed a nejzlobiv\u011bj\u0161\u00ed d\u011bti na sv\u011bt\u011b\u00a0 a jsem na n\u011b n\u00e1le\u017eit\u011b py\u0161n\u00e1&#8230;. Jsem tak\u00e9 dcera a svoj\u00ed mamince jsem zat\u00edm jen pop\u0159\u00e1la (moje maminka st\u00e1le \u010dek\u00e1 na sl\u00edben\u00fd kalend\u00e1\u0159 &#8230;<em> d\u011bl\u00e1m jej u\u017e od V\u00e1noc. Loni jej dostala na narozeniny 1.5. &#8230; letos \u010dekala, \u017ee aspo\u0148 na ten Den matek zvl\u00e1dnu&#8230; nezvl\u00e1dla jsem &#8230;)<\/em><\/p>\n<p>J\u00e1 jsem od d\u011bt\u00ed dostala p\u0159\u00e1n\u00ed\u010dka, kter\u00e1 vyr\u00e1b\u011bly ve \u0161kolce&#8230;. m\u00e1m z nich obrovskou radost, jen si v\u017edy mus\u00edm nahlas opakovat, \u017ee d\u016fle\u017eit\u011bj\u0161\u00ed jsou \u00fa\u017easn\u011b hodn\u00e9 pan\u00ed u\u010ditelky a nevad\u00ed, \u017ee nejsou kreativn\u00ed \ud83d\ude42 D\u011bti \u0161kolku miluj\u00ed, nen\u00ed den, aby se tam net\u011b\u0161ily&#8230; jen to tam v\u00e1zne na tom, \u017ee ve \u0161kolce netvo\u0159\u00ed&#8230;<\/p>\n<p><a href=\"https:\/\/navody.hurapapir.cz\/wp-content\/uploads\/2013\/05\/IMG_0094.jpg\"><img decoding=\"async\" loading=\"lazy\" class=\"aligncenter size-full wp-image-6182\" title=\"IMG_0094\" src=\"https:\/\/navody.hurapapir.cz\/wp-content\/uploads\/2013\/05\/IMG_0094-e1368378878565.jpg\" alt=\"\" width=\"480\" height=\"360\" \/><\/a><\/p>\n<p>Nejhez\u010d\u00ed jsou texty. U Verunky to sp\u00ed\u0161 vypad\u00e1, \u017ee pan\u00ed u\u010ditelka hodn\u011b radila, proto\u017ee poh\u00e1dky u n\u00e1s \u010dte ve\u010der tat\u00ednek (j\u00e1 chod\u00edm je\u0161t\u011b do pr\u00e1ce&#8230;), zato u Fil\u00edpka je jasn\u00e9, \u017ee to vym\u00fd\u0161lel s\u00e1m \ud83d\ude42 Na tohle by pan\u00ed u\u010ditelka asi jen tak nep\u0159i\u0161la \ud83d\ude42\u00a0 &#8230;. <em>jen mne mrz\u00ed, \u017ee to F\u00edfa nenapsal s\u00e1m, kdy\u017e u\u017e um\u00ed&#8230;<\/em><\/p>\n<p><em><br \/>\n<\/em><\/p>\n<p><a href=\"https:\/\/navody.hurapapir.cz\/wp-content\/uploads\/2013\/05\/IMG_00951.jpg\"><img decoding=\"async\" loading=\"lazy\" class=\"aligncenter size-full wp-image-6184\" title=\"IMG_0095\" src=\"https:\/\/navody.hurapapir.cz\/wp-content\/uploads\/2013\/05\/IMG_00951-e1368379113381.jpg\" alt=\"\" width=\"480\" height=\"359\" \/><\/a><\/p>\n<p>Tak i j\u00e1 je\u0161t\u011b dodate\u010dn\u011b p\u0159eji v\u0161em mamink\u00e1m, u\u017eijte zbytek dne\u0161n\u00edho sv\u00e1tku!<\/p>\n<p>Aktijka<\/p>\n","protected":false},"excerpt":{"rendered":"<p>Dnes BYL den matek \ud83d\ude42 Tak jako ka\u017ed\u00e1 m\u00e1ma m\u00e1m samoz\u0159ejm\u011b ty nejlep\u0161\u00ed a nejhez\u010d\u00ed a nejzlobiv\u011bj\u0161\u00ed d\u011bti na sv\u011bt\u011b\u00a0 a jsem na n\u011b n\u00e1le\u017eit\u011b py\u0161n\u00e1&#8230;. Jsem tak\u00e9 dcera a svoj\u00ed mamince jsem zat\u00edm jen pop\u0159\u00e1la (moje maminka st\u00e1le \u010dek\u00e1 na sl\u00edben\u00fd kalend\u00e1\u0159 &#8230; d\u011bl\u00e1m jej u\u017e od V\u00e1noc. Loni jej dostala na narozeniny 1.5. &hellip;<br \/><a href=\"https:\/\/navody.hurapapir.cz\/?p=6181\" class=\"more-link pen_button pen_element_default pen_icon_arrow_double\">Pokra\u010dovat ve\u00a0\u010dten\u00ed <span class=\"screen-reader-text\">DEN MATEK&#8230; jen tak \ud83d\ude42<\/span><\/a><\/p>\n","protected":false},"author":2,"featured_media":0,"comment_status":"open","ping_status":"open","sticky":false,"template":"","format":"standard","meta":{"footnotes":""},"categories":[15],"tags":[],"_links":{"self":[{"href":"https:\/\/navody.hurapapir.cz\/index.php?rest_route=\/wp\/v2\/posts\/6181"}],"collection":[{"href":"https:\/\/navody.hurapapir.cz\/index.php?rest_route=\/wp\/v2\/posts"}],"about":[{"href":"https:\/\/navody.hurapapir.cz\/index.php?rest_route=\/wp\/v2\/types\/post"}],"author":[{"embeddable":true,"href":"https:\/\/navody.hurapapir.cz\/index.php?rest_route=\/wp\/v2\/users\/2"}],"replies":[{"embeddable":true,"href":"https:\/\/navody.hurapapir.cz\/index.php?rest_route=%2Fwp%2Fv2%2Fcomments&post=6181"}],"version-history":[{"count":2,"href":"https:\/\/navody.hurapapir.cz\/index.php?rest_route=\/wp\/v2\/posts\/6181\/revisions"}],"predecessor-version":[{"id":6186,"href":"https:\/\/navody.hurapapir.cz\/index.php?rest_route=\/wp\/v2\/posts\/6181\/revisions\/6186"}],"wp:attachment":[{"href":"https:\/\/navody.hurapapir.cz\/index.php?rest_route=%2Fwp%2Fv2%2Fmedia&parent=6181"}],"wp:term":[{"taxonomy":"category","embeddable":true,"href":"https:\/\/navody.hurapapir.cz\/index.php?rest_route=%2Fwp%2Fv2%2Fcategories&post=6181"},{"taxonomy":"post_tag","embeddable":true,"href":"https:\/\/navody.hurapapir.cz\/index.php?rest_route=%2Fwp%2Fv2%2Ftags&post=6181"}],"curies":[{"name":"wp","href":"https:\/\/api.w.org\/{rel}","templated":true}]}}