{"id":4544,"date":"2012-12-31T14:23:44","date_gmt":"2012-12-31T14:23:44","guid":{"rendered":"http:\/\/navody.hurapapir.cz\/?p=4544"},"modified":"2012-12-31T14:23:44","modified_gmt":"2012-12-31T14:23:44","slug":"retro-kalendar-navod-jak-na-nej","status":"publish","type":"post","link":"https:\/\/navody.hurapapir.cz\/?p=4544","title":{"rendered":"RETRO KALEND\u00c1\u0158&#8230; n\u00e1vod jak na n\u011bj"},"content":{"rendered":"<p><em>Foto a text J\u00ed\u0165a<\/em><\/p>\n<p>Kalend\u00e1\u0159e k\u00a0dotvo\u0159en\u00ed ur\u010dit\u011b \u00a0zn\u00e1te, v\u011bt\u0161ina z\u00a0n\u00e1s d\u00e1v\u00e1 k\u00a0jednotliv\u00fdm m\u011bs\u00edc\u016fm aktu\u00e1ln\u00ed fotky sv\u00fdch bl\u00edzk\u00fdch, z\u00a0v\u00fdlet\u016f a oslav. M\u00e1m pro V\u00e1s tip na d\u00e1rek, kter\u00fd m\u011bl u n\u00e1s velk\u00fd \u00fasp\u011bch \u2013 je to \u00a0\u201eretro kalend\u00e1\u0159\u201c. Poprv\u00e9 jsem je darovala p\u0159ed dv\u011bmi lety m\u00fdm rodi\u010d\u016fm a bratrovi, kte\u0159\u00ed u n\u00e1s b\u00fdvaj\u00ed u rozbalov\u00e1n\u00ed d\u00e1re\u010dk\u016f na \u0160t\u011bdr\u00fd ve\u010der a reakce byly naprosto \u00fa\u017easn\u00e9, nad fotkami jsme vzpom\u00ednali a sm\u00e1li se cel\u00fd ve\u010der. Uk\u00e1zky jsou z\u00a0kalend\u00e1\u0159e pro rodi\u010de m\u00e9ho mu\u017ee, kter\u00fd dostali letos pod strome\u010dek a jsem r\u00e1da, \u017ee se taky l\u00edbil.<\/p>\n<p><a href=\"https:\/\/navody.hurapapir.cz\/wp-content\/uploads\/2012\/12\/obr-21.jpg\"><img decoding=\"async\" loading=\"lazy\" class=\"aligncenter size-full wp-image-4545\" title=\"obr 2\" src=\"https:\/\/navody.hurapapir.cz\/wp-content\/uploads\/2012\/12\/obr-21-e1356963588267.jpg\" alt=\"\" width=\"480\" height=\"330\" \/><\/a><\/p>\n<p><!--more-->P\u0159\u00edprava fotek pro takov\u00fdto kalend\u00e1\u0159 je kapku n\u00e1ro\u010dn\u011bj\u0161\u00ed, proto\u017ee se jedn\u00e1 o fotografie star\u0161\u00edho data, a ty v\u00a0elektronick\u00e9 podob\u011b nem\u00e1me. Nikdy nepou\u017e\u00edv\u00e1m origin\u00e1ly, ty opatruji jako oko v\u00a0hlav\u011b, ka\u017edou fotografii si p\u0159ed vyvol\u00e1n\u00edm naskenuji a uprav\u00edm v\u00a0po\u010d\u00edta\u010di. Tradi\u010dn\u011b si kupuji u Aktijky n\u00e1st\u011bnn\u00e9 kalend\u00e1\u0159e, kde je plocha k\u00a0dotvo\u0159en\u00ed 17x23cm. Pro kalend\u00e1\u0159ovky se mi nejv\u00edce osv\u011bd\u010dily jednofotkov\u00e9 kompozice str\u00e1nek a tvo\u0159\u00edm p\u0159\u00edmo na jednotliv\u00e9 listy kalend\u00e1\u0159e. Vyhovuje mi toti\u017e b\u00edl\u00fd podklad. Pro m\u011b je ide\u00e1ln\u00ed velikost sn\u00edmk\u016f 10x15cm, proto\u017ee jsou dob\u0159e vid\u011bt a zb\u00fdv\u00e1 i dostatek m\u00edsta pro dozdoben\u00ed. Tituln\u00ed str\u00e1nku i fotky k\u00a0jednotliv\u00fdm m\u011bs\u00edc\u016fm zpracov\u00e1v\u00e1m jako klasick\u00e9 str\u00e1nky do alb, tzn. v\u010detn\u011b nadpis\u016f, dat a kdy\u017e se to hod\u00ed, pou\u017eiji i journaling.<\/p>\n<p><a href=\"https:\/\/navody.hurapapir.cz\/wp-content\/uploads\/2012\/12\/obr-31.bmp\"><img decoding=\"async\" loading=\"lazy\" class=\"aligncenter size-full wp-image-4546\" title=\"obr 3\" src=\"https:\/\/navody.hurapapir.cz\/wp-content\/uploads\/2012\/12\/obr-31.bmp\" alt=\"\" width=\"480\" height=\"300\" \/><\/a><\/p>\n<p>Kompozice jsou jednoduch\u00e9, aby daly vyniknout fotografi\u00edm. T\u00edm, \u017ee kalend\u00e1\u0159\u016f d\u011bl\u00e1m ka\u017edoro\u010dn\u011b v\u00edc (loni jsem jich d\u011blala dokonce 11 kousk\u016f), kresl\u00edm si n\u00e1vrhy a n\u00e1pady na str\u00e1nky v\u00a0pr\u016fb\u011bhu roku do se\u0161itu, nech\u00e1v\u00e1m se ale tak\u00e9 inspirovat str\u00e1nkami ostatn\u00edch \u010desk\u00fdch scrapblu\u0161ek (tak n\u00e1m \u0159\u00edk\u00e1 n\u00e1\u0161 \u0160t\u011bp\u00e1nek :-)) a pokud inspirace dojde, kouknu do zahrani\u010dn\u00edch galeri\u00ed nebo na sketche, kter\u00e9 si pak ulo\u017e\u00edm v po\u010d\u00edta\u010di. M\u00e1m samoz\u0159ejm\u011b sv\u00e9 obl\u00edben\u00e9 kompozice, ke kter\u00fdm se v\u00a0ur\u010dit\u00fdch obm\u011bn\u00e1ch vrac\u00edm. Sna\u017e\u00edm se ale, aby ka\u017ed\u00e1 str\u00e1nka byla jin\u00e1 a kalend\u00e1\u0159 byl pestr\u00fd a barevn\u00fd. M\u00e1m r\u00e1da barvy, mysl\u00edm, \u017ee se k\u00a0\u010dernob\u00edl\u00fdm fotk\u00e1m hod\u00ed a kr\u00e1sn\u011b je o\u017eiv\u00ed. Ke zdoben\u00ed pou\u017e\u00edv\u00e1m r\u016fzn\u00e1 raz\u00edtka, jednoduch\u00fd doodling, brads, v\u00fdseky z\u00a0raznic, stu\u017eky, samolepky a p\u00edsmenka, letos jsem si hodn\u011b obl\u00edbila ty od Simple Stories \u2013 Sn@p!, p\u0159esn\u011b m\u016fj \u201e\u0161\u00e1lek k\u00e1vy\u201c \ud83d\ude42 .<\/p>\n","protected":false},"excerpt":{"rendered":"<p>Foto a text J\u00ed\u0165a Kalend\u00e1\u0159e k\u00a0dotvo\u0159en\u00ed ur\u010dit\u011b \u00a0zn\u00e1te, v\u011bt\u0161ina z\u00a0n\u00e1s d\u00e1v\u00e1 k\u00a0jednotliv\u00fdm m\u011bs\u00edc\u016fm aktu\u00e1ln\u00ed fotky sv\u00fdch bl\u00edzk\u00fdch, z\u00a0v\u00fdlet\u016f a oslav. M\u00e1m pro V\u00e1s tip na d\u00e1rek, kter\u00fd m\u011bl u n\u00e1s velk\u00fd \u00fasp\u011bch \u2013 je to \u00a0\u201eretro kalend\u00e1\u0159\u201c. Poprv\u00e9 jsem je darovala p\u0159ed dv\u011bmi lety m\u00fdm rodi\u010d\u016fm a bratrovi, kte\u0159\u00ed u n\u00e1s b\u00fdvaj\u00ed u rozbalov\u00e1n\u00ed d\u00e1re\u010dk\u016f &hellip;<br \/><a href=\"https:\/\/navody.hurapapir.cz\/?p=4544\" class=\"more-link pen_button pen_element_default pen_icon_arrow_double\">Pokra\u010dovat ve\u00a0\u010dten\u00ed <span class=\"screen-reader-text\">RETRO KALEND\u00c1\u0158&#8230; n\u00e1vod jak na n\u011bj<\/span><\/a><\/p>\n","protected":false},"author":2,"featured_media":0,"comment_status":"open","ping_status":"open","sticky":false,"template":"","format":"standard","meta":{"footnotes":""},"categories":[20],"tags":[131,78,150],"_links":{"self":[{"href":"https:\/\/navody.hurapapir.cz\/index.php?rest_route=\/wp\/v2\/posts\/4544"}],"collection":[{"href":"https:\/\/navody.hurapapir.cz\/index.php?rest_route=\/wp\/v2\/posts"}],"about":[{"href":"https:\/\/navody.hurapapir.cz\/index.php?rest_route=\/wp\/v2\/types\/post"}],"author":[{"embeddable":true,"href":"https:\/\/navody.hurapapir.cz\/index.php?rest_route=\/wp\/v2\/users\/2"}],"replies":[{"embeddable":true,"href":"https:\/\/navody.hurapapir.cz\/index.php?rest_route=%2Fwp%2Fv2%2Fcomments&post=4544"}],"version-history":[{"count":1,"href":"https:\/\/navody.hurapapir.cz\/index.php?rest_route=\/wp\/v2\/posts\/4544\/revisions"}],"predecessor-version":[{"id":4547,"href":"https:\/\/navody.hurapapir.cz\/index.php?rest_route=\/wp\/v2\/posts\/4544\/revisions\/4547"}],"wp:attachment":[{"href":"https:\/\/navody.hurapapir.cz\/index.php?rest_route=%2Fwp%2Fv2%2Fmedia&parent=4544"}],"wp:term":[{"taxonomy":"category","embeddable":true,"href":"https:\/\/navody.hurapapir.cz\/index.php?rest_route=%2Fwp%2Fv2%2Fcategories&post=4544"},{"taxonomy":"post_tag","embeddable":true,"href":"https:\/\/navody.hurapapir.cz\/index.php?rest_route=%2Fwp%2Fv2%2Ftags&post=4544"}],"curies":[{"name":"wp","href":"https:\/\/api.w.org\/{rel}","templated":true}]}}