{"id":4164,"date":"2012-11-26T00:12:08","date_gmt":"2012-11-26T00:12:08","guid":{"rendered":"http:\/\/navody.hurapapir.cz\/?p=4164"},"modified":"2012-11-26T00:28:48","modified_gmt":"2012-11-26T00:28:48","slug":"suplickovy-adventni-kalendar","status":"publish","type":"post","link":"https:\/\/navody.hurapapir.cz\/?p=4164","title":{"rendered":"\u0160upl\u00ed\u010dkov\u00fd ADVENTN\u00cd KALEND\u00c1\u0158"},"content":{"rendered":"<p><em>Foto a text J\u00ed\u0165a<\/em><\/p>\n<p>U\u017e loni, kdy\u017e m\u011bla Aktijka v nab\u00eddce<a href=\"http:\/\/www.hurapapir.cz\/index.php?stoken=C668DE75&amp;force_sid=&amp;lang=2&amp;currency=0&amp;cl=search&amp;searchparam=kartonov%C3%A1+sk%C5%99%C3%AD%C5%88ka&amp;searchcnid=&amp;searchmanufacturer=\" target=\"_blank\"> adventn\u00ed kalend\u00e1\u0159e<\/a>, jsem po \u0161upl\u00ed\u010dc\u00edch pokukovala, ale tehdy jsem to z \u010dasov\u00fdch d\u016fvod\u016f vzdala. Letos jsem neodolala :-).<\/p>\n<p><a href=\"https:\/\/navody.hurapapir.cz\/wp-content\/uploads\/2012\/11\/Obr-1.jpg\"><img decoding=\"async\" loading=\"lazy\" class=\"aligncenter size-full wp-image-4165\" title=\"Obr 1\" src=\"https:\/\/navody.hurapapir.cz\/wp-content\/uploads\/2012\/11\/Obr-1-e1353888134834.jpg\" alt=\"\" width=\"480\" height=\"617\" \/><\/a><!--more-->Do posledn\u00ed chv\u00edle jsem netu\u0161ila, jak budu adventn\u00ed kalend\u00e1\u0159 zdobit. M\u011bla jsem jasno  jedin\u011b v tom, \u017ee ka\u017ed\u00fd \u0161upl\u00edk m\u011bl b\u00fdt jin\u00fd, jinak nazdoben\u00fd a doufala jsem, \u017ee m\u011b p\u0159i tvo\u0159en\u00ed n\u011bco napadne.<\/p>\n<p><a href=\"https:\/\/navody.hurapapir.cz\/wp-content\/uploads\/2012\/11\/Obr-21.bmp\"><img decoding=\"async\" loading=\"lazy\" class=\"aligncenter size-full wp-image-4167\" title=\"Obr 2\" src=\"https:\/\/navody.hurapapir.cz\/wp-content\/uploads\/2012\/11\/Obr-21.bmp\" alt=\"\" width=\"480\" height=\"553\" \/><\/a><\/p>\n<p>Zvolila jsem b\u00edlou variantu kalend\u00e1\u0159e, r\u00e1da tvo\u0159\u00edm na b\u00edl\u00fd podklad, barvy tak kr\u00e1sn\u011b vyniknou. U n\u00e1s doma jsou V\u00e1noce \u010derveno-zeleno-zlat\u00e9, proto jsem se sna\u017eila t\u011bchto barev dr\u017eet i u adventn\u00edho kalend\u00e1\u0159e. Jednotliv\u00e9 \u0161upl\u00ed\u010dky maj\u00ed rozm\u011bry 7 x 5 x 11cm a na zdoben\u00ed jsem pou\u017eila embossov\u00e1n\u00ed (p\u0159izn\u00e1m se, \u017ee s t\u00edm jsem trochu bojovala, tak\u017ee embossov\u00e1n\u00ed nen\u00ed dokonal\u00e9, budu muset v\u00edc tr\u00e9novat), chipboardov\u00e9 samolepky kolekce Jovial od Basic Grey, d\u00e1le pak ru\u010dn\u011b vyroben\u00e9 v\u00e1no\u010dn\u00ed a zimn\u00ed symboly, raz\u00edtka Keta a n\u011bkter\u00e9 kastl\u00ed\u010dky jsem prost\u011b jen pot\u00e1hla pap\u00edrem. N\u00e1ramn\u011b vhod mi p\u0159i\u0161la i<a href=\"http:\/\/www.hurapapir.cz\/index.php?stoken=C7173439&amp;force_sid=bcfbecc0bec5d50dd87f22042893a4cb&amp;lang=2&amp;currency=0&amp;cl=search&amp;searchparam=keta+%C4%8D%C3%ADsla&amp;searchcnid=&amp;searchmanufacturer=\" target=\"_blank\"> nov\u00e1 \u010d\u00edsla od Kety<\/a>. Ponechala jsem je v p\u016fvodn\u00ed barv\u011b, p\u00e1r z nich jsem obarvila \u010derven\u00fdm  raz\u00edtkovac\u00edm  pol\u0161t\u00e1\u0159kem, aby byla na podkladu v\u00fdrazn\u011bj\u0161\u00ed. Chipboardy Keta, v\u00fdseky z raznic a jabl\u00ed\u010dkem, jeho\u017e p\u0159edlohu jsem na\u0161la v Praktick\u00e9 \u017een\u011b, jsem dozdobila i vrchn\u00ed li\u0161tu, kter\u00e1 slou\u017e\u00ed k zav\u011b\u0161en\u00ed adventn\u00edho kalend\u00e1\u0159e na ze\u010f.<\/p>\n<p><a href=\"https:\/\/navody.hurapapir.cz\/wp-content\/uploads\/2012\/11\/obr-3.bmp\"><img decoding=\"async\" loading=\"lazy\" class=\"aligncenter size-full wp-image-4169\" title=\"obr 3\" src=\"https:\/\/navody.hurapapir.cz\/wp-content\/uploads\/2012\/11\/obr-3.bmp\" alt=\"\" width=\"479\" height=\"332\" \/><\/a><\/p>\n<p>Kalend\u00e1\u0159 jsem vyrobila pro na\u0161e dva chlape\u010dky, a proto\u017ee jsou to zv\u011bdav\u00e9 veverky, budu muset je\u0161t\u011b obsah n\u011bjak zamaskovat, aby m\u011bli p\u0159ekvapen\u00ed a\u017e do posledn\u00edho dne. Sladkosti m\u00e1m u\u017e nakoupen\u00e9, musela jsem vyb\u00edrat mal\u00e9 v\u011bci, aby se mi vlezly do jednotliv\u00fdch \u0161upl\u00ed\u010dk\u016f. Tam, kde mi velikost sta\u010dit nebude, vlo\u017e\u00edm vzkaz, kde maj\u00ed d\u00e1re\u010dek hledat, tak\u017ee to bude ak\u010dn\u00ed, a to se na\u0161im kluk\u016fm bude ur\u010dit\u011b l\u00edbit :-).<\/p>\n","protected":false},"excerpt":{"rendered":"<p>Foto a text J\u00ed\u0165a U\u017e loni, kdy\u017e m\u011bla Aktijka v nab\u00eddce adventn\u00ed kalend\u00e1\u0159e, jsem po \u0161upl\u00ed\u010dc\u00edch pokukovala, ale tehdy jsem to z \u010dasov\u00fdch d\u016fvod\u016f vzdala. Letos jsem neodolala :-).<\/p>\n","protected":false},"author":2,"featured_media":0,"comment_status":"open","ping_status":"open","sticky":false,"template":"","format":"standard","meta":{"footnotes":""},"categories":[20],"tags":[131,80],"_links":{"self":[{"href":"https:\/\/navody.hurapapir.cz\/index.php?rest_route=\/wp\/v2\/posts\/4164"}],"collection":[{"href":"https:\/\/navody.hurapapir.cz\/index.php?rest_route=\/wp\/v2\/posts"}],"about":[{"href":"https:\/\/navody.hurapapir.cz\/index.php?rest_route=\/wp\/v2\/types\/post"}],"author":[{"embeddable":true,"href":"https:\/\/navody.hurapapir.cz\/index.php?rest_route=\/wp\/v2\/users\/2"}],"replies":[{"embeddable":true,"href":"https:\/\/navody.hurapapir.cz\/index.php?rest_route=%2Fwp%2Fv2%2Fcomments&post=4164"}],"version-history":[{"count":5,"href":"https:\/\/navody.hurapapir.cz\/index.php?rest_route=\/wp\/v2\/posts\/4164\/revisions"}],"predecessor-version":[{"id":12710,"href":"https:\/\/navody.hurapapir.cz\/index.php?rest_route=\/wp\/v2\/posts\/4164\/revisions\/12710"}],"wp:attachment":[{"href":"https:\/\/navody.hurapapir.cz\/index.php?rest_route=%2Fwp%2Fv2%2Fmedia&parent=4164"}],"wp:term":[{"taxonomy":"category","embeddable":true,"href":"https:\/\/navody.hurapapir.cz\/index.php?rest_route=%2Fwp%2Fv2%2Fcategories&post=4164"},{"taxonomy":"post_tag","embeddable":true,"href":"https:\/\/navody.hurapapir.cz\/index.php?rest_route=%2Fwp%2Fv2%2Ftags&post=4164"}],"curies":[{"name":"wp","href":"https:\/\/api.w.org\/{rel}","templated":true}]}}