{"id":2592,"date":"2012-04-11T13:13:14","date_gmt":"2012-04-11T13:13:14","guid":{"rendered":"http:\/\/navody.hurapapir.cz\/?p=2592"},"modified":"2015-12-18T23:32:05","modified_gmt":"2015-12-18T23:32:05","slug":"z-deniku-scrapbookarky%e2%80%a6-zotavovani-po-nemoci","status":"publish","type":"post","link":"https:\/\/navody.hurapapir.cz\/?p=2592","title":{"rendered":"Zotavov\u00e1n\u00ed po nemoci&#8230; od Astarte"},"content":{"rendered":"<p><em>Foto a text Astarte<\/em><\/p>\n<p style=\"text-align: justify;\">Jarn\u00ed d\u00e1vku chorob jsem si u\u017eila m\u011brou vrchovatou. Vyvrcholila z\u00e1n\u011btem kloub\u016f, kter\u00fd mi hlavn\u011b kv\u016fli z\u00e1d\u016fm na n\u011bkolik t\u00fddn\u016f znemo\u017enil i tak poklidnou \u010dinnost, jako je scrapov\u00e1n\u00ed. Te\u010f u\u017e se kone\u010dn\u011b zotavuji a v r\u00e1mci jarn\u00edho \u00faklidu pracovny jsem za\u010dala vy\u0159izovat r\u016fzn\u00e9 resty a dod\u011bl\u00e1vky. Dneska uk\u00e1\u017ei p\u00e1r t\u0159ic\u00edtkov\u00fdch str\u00e1nek.<\/p>\n<p><a href=\"https:\/\/navody.hurapapir.cz\/wp-content\/uploads\/2012\/04\/DS_po_nemoci_00_titulka.jpg\"><img decoding=\"async\" loading=\"lazy\" class=\"aligncenter size-full wp-image-2593\" title=\"DS_po_nemoci_00_titulka\" alt=\"\" src=\"https:\/\/navody.hurapapir.cz\/wp-content\/uploads\/2012\/04\/DS_po_nemoci_00_titulka-e1334149782928.jpg\" width=\"480\" height=\"320\" \/><\/a><br \/>\n<!--more--><strong>Zodpov\u011bdn\u00e1 dru\u017ei\u010dka: <\/strong><br \/>\nJednofotkov\u00e9 str\u00e1nky d\u011bl\u00e1m opravdu m\u00e1lokdy, na to m\u00e1m v albu p\u0159\u00edli\u0161 p\u0159epln\u011bno, ale toto je m\u00e1 obl\u00edben\u00e1 fotografie ze svatby m\u00e9ho bratra. M\u00ed\u0161a \u0161la za dru\u017ei\u010dku a aby se nenudila, dostala n\u011bkolik \u00fakol\u016f, mezi jin\u00fdmi i hl\u00eddat kv\u011btinov\u00fd ko\u0161\u00ed\u010dek nev\u011bsty. (Mimochodem, v ko\u0161\u00ed\u010dku byla \u017eiv\u00e1 r\u016f\u017ei\u010dka v kv\u011btin\u00e1\u010di.) Jak z fotografie vid\u00edte, postavila se ke sv\u00e9mu \u00fakolu velice zodpov\u011bdn\u011b a kdy\u017e nev\u011bsta po p\u0159ij\u00edm\u00e1n\u00ed gratulac\u00ed opomn\u011bla ko\u0161\u00edk na \u017eidli, M\u00ed\u0161a j\u00ed ho rychle pod\u00e1vala. M\u011bla p\u0159itom tak v\u00e1\u017en\u00fd a zodpov\u011bdn\u00fd v\u00fdraz, \u017ee rozesm\u00e1la v\u0161echny p\u0159\u00edtomn\u00e9. Na str\u00e1nku jsem vybrala kr\u00e1sn\u00fd b\u00edl\u00fd pap\u00edr s leskl\u00fdm kv\u011btinov\u00fdm vzorem a barvy jsem ladila podle \u0161at\u016f nev\u011bsty. Je to takov\u00e1 zkou\u0161ka na br\u00e1chovo svatebn\u00ed album.<\/p>\n<p><a href=\"https:\/\/navody.hurapapir.cz\/wp-content\/uploads\/2012\/04\/DS_po_nemoci_01.jpg\"><img decoding=\"async\" loading=\"lazy\" class=\"aligncenter size-full wp-image-2594\" title=\"DS_po_nemoci_01\" alt=\"\" src=\"https:\/\/navody.hurapapir.cz\/wp-content\/uploads\/2012\/04\/DS_po_nemoci_01-e1334149823309.jpg\" width=\"480\" height=\"480\" \/><\/a><br \/>\n<strong>M\u00ed\u0161o, namaluj mi obr\u00e1zek:<\/strong><br \/>\nTohle optimistick\u00e9 ku\u0159e jsem si schovala na dokumentaci M\u00ed\u0161iny tvorby ve v\u00fdtvarn\u00e9m krou\u017eku. Vzhledem k tomu, jak je ku\u0159e v\u00fdrazn\u00e9, a tak\u00e9 vzhledem k m\u00e9mu aktu\u00e1ln\u00edmu minimalistick\u00e9mu obdob\u00ed, u\u017e moc dal\u0161\u00edch ozdob na str\u00e1nce nen\u00ed. Nadpis je stejn\u011b jako na t\u00e9 minul\u00e9 vy\u0159ezan\u00fd na Silhouette &#8211; na to dojde v\u017edycky, jak pou\u017eiju del\u0161\u00ed text. Hned mi je l\u00edto nasyslen\u00fdch chipboardov\u00fdch p\u00edsmenek \ud83d\ude42 \u010cerven\u00fd kyti\u010dkov\u00fd pruh je bordura od Bazzill Basics.<\/p>\n<p><a href=\"https:\/\/navody.hurapapir.cz\/wp-content\/uploads\/2012\/04\/DS_po_nemoci_02.jpg\"><img decoding=\"async\" loading=\"lazy\" class=\"aligncenter size-full wp-image-2595\" title=\"DS_po_nemoci_02\" alt=\"\" src=\"https:\/\/navody.hurapapir.cz\/wp-content\/uploads\/2012\/04\/DS_po_nemoci_02-e1334149860263.jpg\" width=\"480\" height=\"480\" \/><\/a><\/p>\n<p><strong>Tane\u010dn\u00ed \u0161koli\u010dka:<\/strong><br \/>\nA tady je druh\u00fd krou\u017eek, do kter\u00e9ho M\u00ed\u0161a chodila jako t\u0159\u00edlet\u00e1. V r\u00e1mci dokumentace jsem jednu hodinu tane\u010dn\u00ed \u0161koli\u010dky nafotila. Jak bylo foceno v m\u00edstnosti a pom\u011brn\u011b z d\u00e1lky, vy\u0161ly mi fotky hodn\u011b kontrastn\u00ed, \u010demu\u017e jsem p\u0159izp\u016fsobila i vzhled str\u00e1nky. Hned na za\u010d\u00e1tku jsem na m\u00edsto fotografi\u00ed p\u0159ilo\u017eila o n\u011bco v\u011bt\u0161\u00ed pap\u00edrov\u00e9 obd\u00e9ln\u00edky a b\u00edl\u00fd podklad jsem zac\u00e1kala. Na v\u011bt\u0161\u00ed skvrny pou\u017e\u00edv\u00e1m injek\u010dn\u00ed st\u0159\u00edka\u010dku, na ty drobn\u00e9 kart\u00e1\u010dek na zuby (namo\u010d\u00edm do barvy a prstem oh\u00fdb\u00e1m \u0161t\u011btiny a p\u00e1l\u00edm). Tady je pou\u017eit\u00e1 barva na hedv\u00e1b\u00ed, zrovna se to tak se\u0161lo, \u017ee to byla jedin\u00e1 tekut\u00e1 barva ve vhodn\u00fdch odst\u00ednech. Kdy\u017e jsem pak pap\u00edry odd\u011blala a m\u00edsto nich dala fotky, vznikl kolem ka\u017ed\u00e9 fotografie \u010dist\u00fd b\u00edl\u00fd r\u00e1me\u010dek. Nadpis op\u011bt Silhouette, pot\u0159ebovala jsem n\u011bjak\u00fd extravagantn\u011bj\u0161\u00ed font.<\/p>\n<p><a href=\"https:\/\/navody.hurapapir.cz\/wp-content\/uploads\/2012\/04\/DS_po_nemoci_03.jpg\"><img decoding=\"async\" loading=\"lazy\" class=\"aligncenter size-full wp-image-2596\" title=\"DS_po_nemoci_03\" alt=\"\" src=\"https:\/\/navody.hurapapir.cz\/wp-content\/uploads\/2012\/04\/DS_po_nemoci_03-e1334149909415.jpg\" width=\"480\" height=\"480\" \/><\/a><\/p>\n<p>Toliko tedy k t\u0159ic\u00edtk\u00e1m. Jsem tak stra\u0161n\u011b pozadu, \u017ee u\u017e se mi m\u00edchaj\u00ed str\u00e1nky za t\u0159i roky zp\u00e1tky a to nemluv\u00edm o tom, \u017ee st\u00e1le dod\u011bl\u00e1v\u00e1m jeden v\u00e1no\u010dn\u00ed d\u00e1rek a tot\u00e1ln\u011b mi utekla b\u0159eznov\u00e1 str\u00e1nka do kalend\u00e1\u0159e. Po\u0159\u00e1d mus\u00edm koukat na zasn\u011b\u017eenou \u00fanorovou, ale dneska u n\u00e1s v Brn\u011b zase chumelilo, tak je\u0161t\u011b nen\u00ed \u00fapln\u011b od v\u011bci. I tak douf\u00e1m, \u017ee se k t\u00e9 jarn\u00ed str\u00e1nce dostanu d\u0159\u00edv, ne\u017e za\u010dne l\u00e9to \ud83d\ude42<\/p>\n<p><em>Astarte<\/em><\/p>\n","protected":false},"excerpt":{"rendered":"<p>Foto a text Astarte Jarn\u00ed d\u00e1vku chorob jsem si u\u017eila m\u011brou vrchovatou. Vyvrcholila z\u00e1n\u011btem kloub\u016f, kter\u00fd mi hlavn\u011b kv\u016fli z\u00e1d\u016fm na n\u011bkolik t\u00fddn\u016f znemo\u017enil i tak poklidnou \u010dinnost, jako je scrapov\u00e1n\u00ed. Te\u010f u\u017e se kone\u010dn\u011b zotavuji a v r\u00e1mci jarn\u00edho \u00faklidu pracovny jsem za\u010dala vy\u0159izovat r\u016fzn\u00e9 resty a dod\u011bl\u00e1vky. Dneska uk\u00e1\u017ei p\u00e1r t\u0159ic\u00edtkov\u00fdch str\u00e1nek.<\/p>\n","protected":false},"author":2,"featured_media":0,"comment_status":"open","ping_status":"open","sticky":false,"template":"","format":"standard","meta":{"footnotes":""},"categories":[21],"tags":[106],"_links":{"self":[{"href":"https:\/\/navody.hurapapir.cz\/index.php?rest_route=\/wp\/v2\/posts\/2592"}],"collection":[{"href":"https:\/\/navody.hurapapir.cz\/index.php?rest_route=\/wp\/v2\/posts"}],"about":[{"href":"https:\/\/navody.hurapapir.cz\/index.php?rest_route=\/wp\/v2\/types\/post"}],"author":[{"embeddable":true,"href":"https:\/\/navody.hurapapir.cz\/index.php?rest_route=\/wp\/v2\/users\/2"}],"replies":[{"embeddable":true,"href":"https:\/\/navody.hurapapir.cz\/index.php?rest_route=%2Fwp%2Fv2%2Fcomments&post=2592"}],"version-history":[{"count":2,"href":"https:\/\/navody.hurapapir.cz\/index.php?rest_route=\/wp\/v2\/posts\/2592\/revisions"}],"predecessor-version":[{"id":11947,"href":"https:\/\/navody.hurapapir.cz\/index.php?rest_route=\/wp\/v2\/posts\/2592\/revisions\/11947"}],"wp:attachment":[{"href":"https:\/\/navody.hurapapir.cz\/index.php?rest_route=%2Fwp%2Fv2%2Fmedia&parent=2592"}],"wp:term":[{"taxonomy":"category","embeddable":true,"href":"https:\/\/navody.hurapapir.cz\/index.php?rest_route=%2Fwp%2Fv2%2Fcategories&post=2592"},{"taxonomy":"post_tag","embeddable":true,"href":"https:\/\/navody.hurapapir.cz\/index.php?rest_route=%2Fwp%2Fv2%2Ftags&post=2592"}],"curies":[{"name":"wp","href":"https:\/\/api.w.org\/{rel}","templated":true}]}}