{"id":2434,"date":"2012-03-09T21:58:57","date_gmt":"2012-03-09T21:58:57","guid":{"rendered":"http:\/\/navody.hurapapir.cz\/?p=2434"},"modified":"2015-12-18T23:32:25","modified_gmt":"2015-12-18T23:32:25","slug":"z-deniku-scrapbookarky-moje-prvni-album-na-zakazku","status":"publish","type":"post","link":"https:\/\/navody.hurapapir.cz\/?p=2434","title":{"rendered":"Prvn\u00ed album na zak\u00e1zku&#8230; od Astarte"},"content":{"rendered":"<p><em>Foto a text Astarte<\/em><\/p>\n<p>M\u016fj man\u017eel ob\u010das vezme n\u011bjak\u00e9 moje scrapbookov\u00e9 d\u00edlko uk\u00e1zat do pr\u00e1ce, a tak se p\u0159ihodilo, \u017ee jeden jeho kolega p\u0159i\u0161el na n\u00e1pad po\u0159\u00eddit sv\u00e9 mamince k narozenin\u00e1m album s fotkami vnou\u010dat. Jak u\u017e to s podobn\u00fdmi v\u011bcmi b\u00fdv\u00e1 (Murphyho z\u00e1kony plat\u00ed v\u0161ude), vybral si ne moc vhodn\u00fd \u010das a vyhotoven\u00ed sp\u011bchalo \ud83d\ude42 Ale zase ta propagace scrapbooku! Nakonec jsem k\u00fdvla a tak v\u00e1m m\u016f\u017eu dneska popsat, jak to \u0161lo.\u00a0 Jen se p\u0159edem omlouv\u00e1m, \u017ee neuvid\u00edte cel\u00e9 hotov\u00e9 str\u00e1nky, ale jen vybran\u00e9 detaily, p\u0159\u00edpadn\u011b zmen\u0161en\u00e9 obr\u00e1zky apod., abych zachovala identitu zadavatele a jeho rodiny v utajen\u00ed \ud83d\ude42<\/p>\n<p><a href=\"https:\/\/navody.hurapapir.cz\/wp-content\/uploads\/2012\/03\/album_na_zakazku_00_titulka.jpg\"><img decoding=\"async\" loading=\"lazy\" class=\"aligncenter size-full wp-image-2438\" title=\"album_na_zakazku_00_titulka\" alt=\"\" src=\"https:\/\/navody.hurapapir.cz\/wp-content\/uploads\/2012\/03\/album_na_zakazku_00_titulka-e1331330423509.jpg\" width=\"480\" height=\"320\" \/><\/a><!--more--><\/p>\n<p>Bleskem byla domluven\u00e1 sch\u016fzka, na kterou zadavatel dorazil i s man\u017eelkou coby poradkyn\u00ed. <strong>Ud\u011blala jsem si v hlav\u011b takov\u00fd p\u0159ehled, co v\u0161echno mus\u00edme vy\u0159e\u0161it &#8211; jestli budu n\u011bco takov\u00e9ho podnikat p\u0159\u00ed\u0161t\u011b, ud\u011bl\u00e1m si snad i tabulku na pap\u00edr.<\/strong><\/p>\n<ul>\n<li>Velikost alba &#8211; od t\u0159ic\u00edtek po mini?<\/li>\n<\/ul>\n<ul>\n<li>Technick\u00e9 n\u00e1le\u017eitosti &#8211; v\u00e1z\u00e1n\u00ed alba a jestli s kapsami nebo na p\u0159\u00edm\u00e9 osah\u00e1n\u00ed?<\/li>\n<\/ul>\n<ul>\n<li>Styl alba &#8211; barevnost fotografi\u00ed, v\u0161echny str\u00e1nky v jednotn\u00e9m stylu na stejn\u00e9m podkladu nebo variabilita a jak\u00fdm sm\u011brem?<\/li>\n<\/ul>\n<ul>\n<li>V\u00fdb\u011br fotografi\u00ed a organiza\u010dn\u00ed uspo\u0159\u00e1d\u00e1n\u00ed alba?<\/li>\n<\/ul>\n<ul>\n<li>Po\u010det str\u00e1nek?<\/li>\n<\/ul>\n<ul>\n<li>Vkus zadavatele &#8211; sp\u00ed\u0161e minimalismus nebo vintage?<\/li>\n<\/ul>\n<ul>\n<li>Nadpisy &#8211; jak dob\u0159e babi\u010dka vid\u00ed?<\/li>\n<\/ul>\n<ul>\n<li>Cena?<\/li>\n<\/ul>\n<p>A to v\u0161e je pot\u0159eba \u0159e\u0161it pomoc\u00ed p\u0159\u00edklad\u016f a uk\u00e1zek, aby nehrozilo, \u017ee si objedn\u00e1 n\u011bco, co nespl\u0148uje jeho p\u0159edstavu. Str\u00e1vila jsem hodinu jen t\u00edm, \u017ee jsem se na v\u0161echny dotazy sna\u017eila naj\u00edt n\u011bjak\u00e9 uk\u00e1zky.<\/p>\n<p>Domluvili jsme se na dvac\u00edtkov\u00e9m albu (aby na babi\u010dku nebylo moc t\u011b\u017ek\u00e9), bez kapes p\u0159\u00edmo lepen\u00e9, D-rings, fotky barevn\u00e9 a album z jedn\u00e9 sady pap\u00edr\u016f, vesel\u00e9 a barevn\u00e9 (tu jednu sadu jsem si prosadila j\u00e1, abych se z toho nezcvokla \u00fapln\u011b :-). Po\u010det str\u00e1nek jako z\u00e1klad 20 s t\u00edm, \u017ee se m\u016f\u017ee lehce nav\u00fd\u0161it. Organiza\u010dn\u011b jsme domluvili, \u017ee ud\u011bl\u00e1me pro ka\u017ed\u00e9 vnou\u010de (4 jednotlivci a dvoj\u010data) jen &#8222;jeho&#8220; dvoustranu, na kter\u00e9 bude vlevo \u0161koln\u00ed fotografie, jm\u00e9no, datum narozen\u00ed, m\u00edsto na veps\u00e1n\u00ed n\u011bjak\u00e9ho osobn\u00edho p\u0159\u00e1n\u00ed babi\u010dce a zdoben\u00ed a pravou stranu bude tvo\u0159it mozaika fotografi\u00ed. Byla to takov\u00e1 trochu z nouze ctnost, proto\u017ee u n\u011bkter\u00fdch vnou\u010dat m\u011bli nov\u011bj\u0161\u00ed fotografie jenom z facebooku (hav\u00e1rie disku) a p\u0159i velikosti a kvalit\u011b t\u011bch fotografi\u00ed se nic moc jin\u00e9ho ne\u017e mozaika d\u011blat nedalo. Dal\u0161\u00ed str\u00e1nky by pak obsahovaly nejr\u016fzn\u011bj\u0161\u00ed spole\u010dn\u00e9 fotografie. Bohu\u017eel chyb\u011bla spole\u010dn\u00e1 fotka v\u0161ech vnou\u010dat pohromad\u011b, ale zadavatel se ochotn\u011b chopil \u00fakolu, \u017ee ji vyfot\u00ed a po\u0161le. Domluvili jsme se tak, \u017ee vyfot\u00ed jednu b\u011b\u017enou a druhou s t\u00edm, \u017ee ka\u017ed\u00e9 vnou\u010de bude m\u00edt v ruce \u010dtvrtku b\u00edl\u00e9ho pap\u00edru, na kter\u00e9 j\u00e1 pak v po\u010d\u00edta\u010di dop\u00ed\u0161u blahop\u0159ejn\u00fd text. Rovnou v\u00e1m m\u016f\u017eu uk\u00e1zat v\u00fdsledek.<\/p>\n<p><a href=\"https:\/\/navody.hurapapir.cz\/wp-content\/uploads\/2012\/03\/album_na_zakazku_01.jpg\"><img decoding=\"async\" loading=\"lazy\" class=\"aligncenter size-full wp-image-2436\" title=\"album_na_zakazku_01\" alt=\"\" src=\"https:\/\/navody.hurapapir.cz\/wp-content\/uploads\/2012\/03\/album_na_zakazku_01-e1331330389932.jpg\" width=\"480\" height=\"89\" \/><\/a><\/p>\n<p>Co se stylu t\u00fdk\u00e1, na\u0161t\u011bst\u00ed necht\u011bli hodn\u011b zdoben\u00e9 vintage str\u00e1nky &#8211; na\u0161li si v m\u00fdch albech jednu str\u00e1nku, kter\u00e1 se jim l\u00edbila, a tu jsem pou\u017eila jako z\u00e1kladn\u00ed m\u00edru stylu. \u00dapln\u011b konkr\u00e9tn\u011b to byla tato.<\/p>\n<p><a href=\"https:\/\/navody.hurapapir.cz\/wp-content\/uploads\/2012\/03\/album_na_zakazku_02.jpg\"><img decoding=\"async\" loading=\"lazy\" class=\"aligncenter size-full wp-image-2439\" title=\"album_na_zakazku_02\" alt=\"\" src=\"https:\/\/navody.hurapapir.cz\/wp-content\/uploads\/2012\/03\/album_na_zakazku_02-e1331330470516.jpg\" width=\"480\" height=\"480\" \/><\/a><\/p>\n<p>&#8222;Bonus&#8220; byl je\u0161t\u011b v tom, \u017ee se jednalo o Slov\u00e1ky, tak\u017ee p\u011bkn\u011b nadpisy ve sloven\u0161tin\u011b a pro jistotu je\u0161t\u011b dop\u0159edu zkonzultovat a zkontrolovat.<br \/>\nD\u00e1le jsme se domluvili, \u017ee ud\u011bl\u00e1m n\u011bjak\u00fd n\u00e1vrh rozd\u011blen\u00ed str\u00e1nek a ten uk\u00e1\u017eu ke schv\u00e1len\u00ed.<br \/>\nA zb\u00fdvala cena. M\u011bla jsem jen hrubou p\u0159edstavu, kolik m\u011b stoj\u00ed materi\u00e1l na jednu str\u00e1nku a kolik pr\u00e1ce\/\u010dasu do n\u00ed budu muset investovat, nav\u00edc jsem necht\u011bla zadavatele hned napoprv\u00e9 vyd\u011bsit &#8211; \u0159ekla jsem si 300 korun za dvac\u00edtkovou str\u00e1nku. Plus cena alba, kter\u00e9 si vyberou (to jsme rovnou vybrali u Aktijky v eshopu). Kdy\u017e se to pron\u00e1sob\u00ed, do\u0161li jsme k sum\u011b 6400,-, kter\u00e1 m\u011b osobn\u011b dost d\u011bsila, ale zadavatel na\u0161t\u011bst\u00ed ani nemrkl. Pozd\u011bji v\u00e1m uk\u00e1\u017eu, jak vypadal rozpo\u010det materi\u00e1lu i pr\u00e1ce, abyste si nemysleli, jak\u00e1 jsem ham\u0165a hami\u017en\u00e1.<br \/>\nToliko tedy k \u00favodn\u00ed (a jedin\u00e9) sch\u016fzce se zadavatelem.<\/p>\n<p>Za\u010dala jsem t\u00edm, \u017ee jsem rovnou u Aktijky objednala album, zhruba odhadnut\u00e9 mno\u017estv\u00ed pap\u00edr\u016f a p\u0159\u00edslu\u0161ej\u00edc\u00ed raz\u00edtka. Jednalo se o tuto sadu<br \/>\nhttp:\/\/weronthenet.com\/Good_Day_Sunshine<br \/>\nPap\u00edry m\u00e1 Aktijka st\u00e1le je\u0161t\u011b na sklad\u011b a mohu v\u0159ele doporu\u010dit ( http:\/\/www.hurapapir.cz\/SADY-KOLEKCE\/WeR-GOOD-DAY-SUNSHINE\/ ). Tady bych cht\u011bla Aktijce moc pod\u011bkovat, \u017ee si na mne ud\u011blala \u010das, zkonzultovala se mnou, co budu pot\u0159ebovat,\u00a0 a navrhla mi tuto sadu. U\u0161et\u0159ilo mi to spoustu pr\u00e1ce a vyb\u00edr\u00e1n\u00ed.<\/p>\n<p>Pot\u00e9 p\u0159i\u0161ly na \u0159adu fotografie. To byl asi nejv\u011bt\u0161\u00ed boj. \u010c\u00e1st jsem dostala jako hotov\u00e9 fotografie, kter\u00e9 jsem si oscanovala a d\u00e1le upravila, \u010d\u00e1st v digit\u00e1ln\u00ed podob\u011b, ale jak jsem ji\u017e psala, n\u011bkter\u00e9 fotografie byly hodn\u011b mal\u00e9 nebo rozmazan\u00e9, p\u0159\u00edpadn\u011b oboje. D\u011blala jsem, co jsem mohla. Na \u00faprav\u00e1ch fotografi\u00ed jsem str\u00e1vila v\u00edce ne\u017e dva dny, aby se na n\u011b (dle m\u00e9ho n\u00e1zoru) dalo koukat.<\/p>\n<p>T\u011b\u017ek\u00fd \u00fakol bylo p\u0159et\u0159\u00edd\u011bn\u00ed fotografi\u00ed, kdo je kdo, a kdo kam pat\u0159\u00ed. To jsem tedy d\u011blala je\u0161t\u011b p\u0159ed upravov\u00e1n\u00edm, abych zbyte\u010dn\u011b neupravovala n\u011bco, co nepou\u017eiju. P\u0159edstavte si \u0161est prakticky nezn\u00e1m\u00fdch d\u011bt\u00ed v pr\u016fb\u011bhu \u010dasov\u00e9ho obdob\u00ed asi dvaceti let &#8211; a to je\u0161t\u011b dv\u011b hol\u010di\u010dky byly dvoj\u010data. Ty se na\u0161t\u011bst\u00ed vyskytovaly na v\u011bt\u0161in\u011b sn\u00edmk\u016f spolu ..\u00a0 ehm .. aspo\u0148 si to mysl\u00edm \ud83d\ude42 Mus\u00edm se p\u0159iznat, \u017ee n\u011bkolik neur\u010diteln\u00fdch fotografi\u00ed mal\u00e9ho blon\u010fat\u00e9ho d\u00edt\u011bte jsem zbab\u011ble vy\u0159adila, na\u0161t\u011bst\u00ed nebyly ani n\u011bjak v\u00fdrazn\u011b hezk\u00e9 nebo kvalitn\u00ed. P\u0159i prob\u00edr\u00e1n\u00ed fotografi\u00ed jsem p\u0159ipravila i organizaci alba, rozt\u0159\u00eddila fotky na str\u00e1nky a ud\u011blala takov\u00e9 hrub\u00e9 n\u00e1hledy, jak by to mohlo vypadat. Po\u010det str\u00e1nek se rozrostl na 24. Tyto n\u00e1hledy jsem nahr\u00e1la na internet jako skrytou webovou galerii, okomentovala je, co k jednotliv\u00fdm str\u00e1nk\u00e1m pot\u0159ebuji v\u011bd\u011bt (Je tam ta spr\u00e1vn\u00e1 osoba? Jak\u00e9 je datum narozen\u00ed? apod.) a nechala zadavatele, a\u0165 se rovn\u011b\u017e formou koment\u00e1\u0159\u016f vyj\u00e1d\u0159\u00ed. Fungovalo to docela dob\u0159e.<\/p>\n<p><a href=\"https:\/\/navody.hurapapir.cz\/wp-content\/uploads\/2012\/03\/album_na_zakazku_03.jpg\"><img decoding=\"async\" loading=\"lazy\" class=\"aligncenter size-full wp-image-2440\" title=\"album_na_zakazku_03\" alt=\"\" src=\"https:\/\/navody.hurapapir.cz\/wp-content\/uploads\/2012\/03\/album_na_zakazku_03.jpg\" width=\"200\" height=\"298\" \/><\/a><\/p>\n<p>Tak\u017ee organizace alba schv\u00e1lena, fotky upraven\u00e9 a vyvolan\u00e9, za\u010dala hektick\u00e1 f\u00e1ze p\u0159\u00edm\u00e9 tvorby. Docela jsem si nab\u011bhla s t\u00edm albem bez pou\u017eit\u00ed kapes, tedy p\u0159\u00edmo jen lepen\u00e9 str\u00e1nky na\u017eivo. Musela jsem po\u010d\u00edtat s t\u00edm, \u017ee na v\u0161echny prvky str\u00e1nky se bude sahat, nic nesm\u00ed upadnout, str\u00e1nky jsem musela lepit k sob\u011b, musely j\u00edt dob\u0159e ot\u00e1\u010det &#8230; atd. J\u00e1 v\u00edm, \u017ee je to hez\u010d\u00ed, ale t\u00fd pr\u00e1ce!<br \/>\nDobr\u00e9 bylo, \u017ee deset z dvaceti \u010dty\u0159 str\u00e1nek m\u011blo vlastn\u011b dan\u00fd vzhled a nemusela jsem nic vym\u00fd\u0161let. Lev\u00e1 strana \u0161koln\u00ed fotka s r\u00e1me\u010dkem a ob\u0161it\u00edm na stroji, k tomu jm\u00e9no, datum narozen\u00ed a obd\u00e9ln\u00edk b\u00edl\u00e9 \u010dtvrtky s barevn\u011b slad\u011bn\u00fdm embossovan\u00fdm okrajem na vepsan\u00e9 p\u0159\u00e1n\u00ed, plus n\u011bjak\u00e1 hol\u010d\u00ed\u010d\u00ed\/klu\u010di\u010d\u00ed v\u00fdzdoba. Mozaiky na druhou stranu jsem si p\u0159ipravila v Zoner Photo Studiu (n\u00e1stroj Pohlednice) a vyvolala je jako fotky 20&#215;30, tak\u017ee byly rozm\u011brov\u011b p\u0159ipraven\u00e9 a sta\u010dilo je jen roz\u0159ezat a zase slo\u017eit na str\u00e1nce. Abych nem\u011bla pocit, \u017ee jsem t\u011bmto str\u00e1nk\u00e1m v\u011bnovala m\u00e1lo scrapbookov\u00e9 invence, pro\u0161\u00edvala jsem v\u0161echny odd\u011blovac\u00ed linie a obvod str\u00e1nky na stroji barevn\u011b kontrastn\u00ed nit\u00ed. Ne v\u017edycky se zada\u0159ilo, \u017ee v\u0161echny linie z\u016fstaly stejn\u011b \u0161irok\u00e9 a rovn\u00e9, ale zn\u00e1te to o t\u00e9 ru\u010dn\u00ed pr\u00e1ci \ud83d\ude42<\/p>\n<p>Se zb\u00fdvaj\u00edc\u00edmi \u010dtrn\u00e1cti str\u00e1nkami to bylo hor\u0161\u00ed, musela v\u00edc kreativn\u011b tvo\u0159it, co\u017e je sice fajn, ale zkuste si kreativn\u011b tvo\u0159it na povel p\u011bt dn\u00ed za sebou \u0161est a v\u00edce hodin denn\u011b. Nakonec jsem to ud\u011blala tak, \u017ee jsem si v hlav\u011b proch\u00e1zela takov\u00fd seznam technik stylem &#8222;je\u0161t\u011b jsem nepou\u017eila trh\u00e1n\u00ed, tak\u017ee tuhle str\u00e1nku postav\u00edm na efektu utrhnut\u00e9ho pap\u00edru, a na tu dal\u0161\u00ed d\u00e1me n\u011bco s pr\u016fchodkama, ty taky je\u0161t\u011b nikde nem\u00e1m&#8220;. Jak je dan\u00e1 alespo\u0148 jedna podm\u00ednka, hned se ta dvac\u00edtkov\u00e1 str\u00e1nka d\u011bl\u00e1 l\u00edp.<\/p>\n<p>Co se technick\u00fdch v\u011bc\u00ed t\u00fdk\u00e1. Lepila jsem oboustrankou a prokl\u00e1dala to Diamond Glazem, aby v\u0161echno hodn\u011b vydr\u017eelo. Vprost\u0159ed byla oby\u010dejn\u00e1 b\u00edl\u00e1 \u010dtvrtka z pap\u00edrnictv\u00ed a z ka\u017ed\u00e9 strany nalepen\u00e1 str\u00e1nka. Str\u00e1nk\u00e1m jsem ud\u011blala vn\u011bj\u0161\u00ed rohy zakulacen\u00e9 a ka\u017edou slepenou fin\u00e1ln\u00ed str\u00e1nku jsem je\u0161t\u011b z obou stran oinkoustovala a objela hranou n\u016f\u017eek &#8211; p\u0159ijde mi to takov\u00e9 .. l\u00e9pe ukon\u010den\u00e9, \u017ee to p\u016fsob\u00ed profesion\u00e1ln\u011bj\u0161\u00edm dojmem. D\u00edry pro vkl\u00e1d\u00e1n\u00ed do alba jsem cvakala &#8222;krokod\u00fdlem&#8220; podle \u0161ablony. Dle vzoru d\u011br na kaps\u00e1ch jsem prost\u0159edn\u00ed nechala na jedno cvaknut\u00ed kulatou a ob\u011b krajn\u00ed jsem roz\u0161\u00ed\u0159ila do stran. Vyzkou\u0161ela jsem si, \u017ee se pak listy alba l\u00e9pe ot\u00e1\u010dej\u00ed.<\/p>\n<p>Suma sum\u00e1rum. Stihla jsem to, album jsem zadavateli na Slovensko odeslala v\u010das. M\u00e1m u\u017e i zp\u011btnou vazbu, \u017ee je p\u0159edan\u00e9 a &#8222;velmi sa p\u00e1\u010dil&#8220;. Str\u00e1vila jsem zhruba 11 hodin na fotkami a dal\u0161\u00edch 27 \u010dist\u00fdm scrapov\u00e1n\u00edm, nepo\u010d\u00edtala jsem cestu pro fotky, cestu pro materi\u00e1l, rozt\u0159\u00edd\u011bn\u00ed fotek na vhodn\u00e9 podkladov\u00e9 pap\u00edry apod. Kdy\u017e jsem odpo\u010detla cenu materi\u00e1lu a fotografi\u00ed, vy\u0161lo mi to zhruba na 160 korun na hodinu pr\u00e1ce. Na prvn\u00ed album na zak\u00e1zku to nen\u00ed tak zl\u00e9, ale kdybych se t\u00edm m\u011bla \u017eivit, asi bych si \u0159ekla i o v\u00edc. Byl to docela n\u00e1por, hodn\u011b jin\u00e9, ne\u017e scrapov\u00e1n\u00ed vlastn\u00edch fotek.<\/p>\n<p><a href=\"https:\/\/navody.hurapapir.cz\/wp-content\/uploads\/2012\/03\/album_na_zakazku_04.jpg\"><img decoding=\"async\" loading=\"lazy\" class=\"aligncenter size-full wp-image-2441\" title=\"album_na_zakazku_04\" alt=\"\" src=\"https:\/\/navody.hurapapir.cz\/wp-content\/uploads\/2012\/03\/album_na_zakazku_04-e1331330535253.jpg\" width=\"480\" height=\"320\" \/><\/a><\/p>\n<p><a href=\"https:\/\/navody.hurapapir.cz\/wp-content\/uploads\/2012\/03\/album_na_zakazku_05.jpg\"><img decoding=\"async\" loading=\"lazy\" class=\"aligncenter size-full wp-image-2442\" title=\"album_na_zakazku_05\" alt=\"\" src=\"https:\/\/navody.hurapapir.cz\/wp-content\/uploads\/2012\/03\/album_na_zakazku_05-e1331330565902.jpg\" width=\"480\" height=\"320\" \/><\/a><\/p>\n<p><a href=\"https:\/\/navody.hurapapir.cz\/wp-content\/uploads\/2012\/03\/album_na_zakazku_06.jpg\"><img decoding=\"async\" loading=\"lazy\" class=\"aligncenter size-full wp-image-2443\" title=\"album_na_zakazku_06\" alt=\"\" src=\"https:\/\/navody.hurapapir.cz\/wp-content\/uploads\/2012\/03\/album_na_zakazku_06-e1331330599335.jpg\" width=\"480\" height=\"320\" \/><\/a><\/p>\n<p><a href=\"https:\/\/navody.hurapapir.cz\/wp-content\/uploads\/2012\/03\/album_na_zakazku_07.jpg\"><img decoding=\"async\" loading=\"lazy\" class=\"aligncenter size-full wp-image-2444\" title=\"album_na_zakazku_07\" alt=\"\" src=\"https:\/\/navody.hurapapir.cz\/wp-content\/uploads\/2012\/03\/album_na_zakazku_07-e1331330628628.jpg\" width=\"480\" height=\"320\" \/><\/a><\/p>\n<p><a href=\"https:\/\/navody.hurapapir.cz\/wp-content\/uploads\/2012\/03\/album_na_zakazku_08.jpg\"><img decoding=\"async\" loading=\"lazy\" class=\"aligncenter size-full wp-image-2445\" title=\"album_na_zakazku_08\" alt=\"\" src=\"https:\/\/navody.hurapapir.cz\/wp-content\/uploads\/2012\/03\/album_na_zakazku_08-e1331330657235.jpg\" width=\"480\" height=\"320\" \/><\/a><\/p>\n<p><a href=\"https:\/\/navody.hurapapir.cz\/wp-content\/uploads\/2012\/03\/album_na_zakazku_09.jpg\"><img decoding=\"async\" loading=\"lazy\" class=\"aligncenter size-full wp-image-2446\" title=\"album_na_zakazku_09\" alt=\"\" src=\"https:\/\/navody.hurapapir.cz\/wp-content\/uploads\/2012\/03\/album_na_zakazku_09-e1331330687160.jpg\" width=\"480\" height=\"320\" \/><\/a><\/p>\n<p><a href=\"https:\/\/navody.hurapapir.cz\/wp-content\/uploads\/2012\/03\/album_na_zakazku_10.jpg\"><img decoding=\"async\" loading=\"lazy\" class=\"aligncenter size-full wp-image-2447\" title=\"album_na_zakazku_10\" alt=\"\" src=\"https:\/\/navody.hurapapir.cz\/wp-content\/uploads\/2012\/03\/album_na_zakazku_10.jpg\" width=\"480\" height=\"320\" srcset=\"https:\/\/navody.hurapapir.cz\/wp-content\/uploads\/2012\/03\/album_na_zakazku_10.jpg 1002w, https:\/\/navody.hurapapir.cz\/wp-content\/uploads\/2012\/03\/album_na_zakazku_10-300x200.jpg 300w\" sizes=\"(max-width: 480px) 100vw, 480px\" \/><\/a><\/p>\n<p><a href=\"https:\/\/navody.hurapapir.cz\/wp-content\/uploads\/2012\/03\/IMG_9483.jpg\"><img decoding=\"async\" loading=\"lazy\" class=\"aligncenter size-full wp-image-2448\" title=\"IMG_9483\" alt=\"\" src=\"https:\/\/navody.hurapapir.cz\/wp-content\/uploads\/2012\/03\/IMG_9483-e1331330871350.jpg\" width=\"480\" height=\"320\" \/><\/a><\/p>\n","protected":false},"excerpt":{"rendered":"<p>Foto a text Astarte M\u016fj man\u017eel ob\u010das vezme n\u011bjak\u00e9 moje scrapbookov\u00e9 d\u00edlko uk\u00e1zat do pr\u00e1ce, a tak se p\u0159ihodilo, \u017ee jeden jeho kolega p\u0159i\u0161el na n\u00e1pad po\u0159\u00eddit sv\u00e9 mamince k narozenin\u00e1m album s fotkami vnou\u010dat. Jak u\u017e to s podobn\u00fdmi v\u011bcmi b\u00fdv\u00e1 (Murphyho z\u00e1kony plat\u00ed v\u0161ude), vybral si ne moc vhodn\u00fd \u010das a vyhotoven\u00ed sp\u011bchalo &hellip;<br \/><a href=\"https:\/\/navody.hurapapir.cz\/?p=2434\" class=\"more-link pen_button pen_element_default pen_icon_arrow_double\">Pokra\u010dovat ve\u00a0\u010dten\u00ed <span class=\"screen-reader-text\">Prvn\u00ed album na zak\u00e1zku&#8230; od Astarte<\/span><\/a><\/p>\n","protected":false},"author":2,"featured_media":0,"comment_status":"open","ping_status":"open","sticky":false,"template":"","format":"standard","meta":{"footnotes":""},"categories":[21],"tags":[103,87],"_links":{"self":[{"href":"https:\/\/navody.hurapapir.cz\/index.php?rest_route=\/wp\/v2\/posts\/2434"}],"collection":[{"href":"https:\/\/navody.hurapapir.cz\/index.php?rest_route=\/wp\/v2\/posts"}],"about":[{"href":"https:\/\/navody.hurapapir.cz\/index.php?rest_route=\/wp\/v2\/types\/post"}],"author":[{"embeddable":true,"href":"https:\/\/navody.hurapapir.cz\/index.php?rest_route=\/wp\/v2\/users\/2"}],"replies":[{"embeddable":true,"href":"https:\/\/navody.hurapapir.cz\/index.php?rest_route=%2Fwp%2Fv2%2Fcomments&post=2434"}],"version-history":[{"count":5,"href":"https:\/\/navody.hurapapir.cz\/index.php?rest_route=\/wp\/v2\/posts\/2434\/revisions"}],"predecessor-version":[{"id":11949,"href":"https:\/\/navody.hurapapir.cz\/index.php?rest_route=\/wp\/v2\/posts\/2434\/revisions\/11949"}],"wp:attachment":[{"href":"https:\/\/navody.hurapapir.cz\/index.php?rest_route=%2Fwp%2Fv2%2Fmedia&parent=2434"}],"wp:term":[{"taxonomy":"category","embeddable":true,"href":"https:\/\/navody.hurapapir.cz\/index.php?rest_route=%2Fwp%2Fv2%2Fcategories&post=2434"},{"taxonomy":"post_tag","embeddable":true,"href":"https:\/\/navody.hurapapir.cz\/index.php?rest_route=%2Fwp%2Fv2%2Ftags&post=2434"}],"curies":[{"name":"wp","href":"https:\/\/api.w.org\/{rel}","templated":true}]}}