{"id":2265,"date":"2012-02-13T21:38:58","date_gmt":"2012-02-13T21:38:58","guid":{"rendered":"http:\/\/navody.hurapapir.cz\/?p=2265"},"modified":"2015-12-18T23:32:47","modified_gmt":"2015-12-18T23:32:47","slug":"z-deniku-scrapbookarky-%e2%80%93-kalendarovka-unor-2012","status":"publish","type":"post","link":"https:\/\/navody.hurapapir.cz\/?p=2265","title":{"rendered":"Kalend\u00e1\u0159ovka \u00fanor 2012 .. od Astarte"},"content":{"rendered":"<p><em>Foto a text Astarte<\/em><br \/>\nTak jsem se po\u0159\u00e1d t\u011b\u0161ila na ty zasn\u011b\u017een\u00e9 fotky na \u00fanorovou str\u00e1nku kalend\u00e1\u0159e a kde nic tu nic. Te\u010f, kdy\u017e m\u00e1m str\u00e1nku hotovou, je samoz\u0159ejm\u011b p\u0159edpov\u011b\u010f po\u010das\u00ed sn\u011bhu pln\u00e1 a za t\u00fdden jedeme do Orlick\u00fdch hor &#8211; snad nebudu muset d\u011blat zachumelen\u00fd b\u0159ezen \ud83d\ude42 Ale \u00fapln\u011b bez sn\u011bhu na\u0161t\u011bst\u00ed nebude ani ten \u00fanor. Stihla jsem vyfotit p\u00e1r fotek p\u0159i n\u00e1v\u0161t\u011bv\u011b na Vyso\u010din\u011b, kdy zrovna napadlo asi p\u011bt centimetr\u016f.<\/p>\n<p><a href=\"https:\/\/navody.hurapapir.cz\/wp-content\/uploads\/2012\/02\/kalendarovka_unor2012_00_titulka.jpg\"><img decoding=\"async\" loading=\"lazy\" class=\"aligncenter size-full wp-image-2266\" title=\"kalendarovka_unor2012_00_titulka\" alt=\"\" src=\"https:\/\/navody.hurapapir.cz\/wp-content\/uploads\/2012\/02\/kalendarovka_unor2012_00_titulka-e1329168926448.jpg\" width=\"480\" height=\"320\" \/><\/a><br \/>\n<!--more--><br \/>\nLednovou <a href=\"https:\/\/navody.hurapapir.cz\/?p=2094\" target=\"_blank\">kalend\u00e1\u0159ovku <\/a>jsem m\u011bla takovou tvarov\u011b i barevn\u011b bohatou, na \u00fanor jsem zatou\u017eila sp\u00ed\u0161e po jednoduch\u00e9 eleganci. Nav\u00edc m\u00e1m aktu\u00e1ln\u011b zase obdob\u00ed, kdy mi \u0161it\u00ed na stroji p\u0159ijde jako naprosto nutn\u00fd dopln\u011bk str\u00e1nky &#8211; st\u0159\u00edd\u00e1 se mi to periodicky s lepenkov\u00fdm die-cut ornamentem a b\u00edl\u00fdmi brads.<\/p>\n<p>Jen\u017ee \u0161\u00edt str\u00e1nku do kalend\u00e1\u0159e nen\u00ed \u017e\u00e1dn\u00e1 legrace &#8211; tedy nem\u016f\u017eu pro\u0161\u00edt p\u0159\u00edmo podklad v kalend\u00e1\u0159i, proto\u017ee na druh\u00e9 stran\u011b \u010d\u00edh\u00e1 listopad, kde mi pro\u0161it\u00ed m\u016f\u017ee p\u0159ek\u00e1\u017eet. Jednou jsem se hecla a ru\u010dn\u011b jsem v\u0161ila do kalend\u00e1\u0159e oboustrann\u00fd kruh, kter\u00fd pasoval do obou str\u00e1nek, a ukon\u010den\u00ed bylo na ka\u017ed\u00e9 stran\u011b p\u011bkn\u011b schovan\u00e9. Byla to takov\u00e1 hezk\u00e1 scrapbookov\u00e1 par\u00e1di\u010dka pro dobr\u00fd pocit, ale b\u011b\u017en\u00fd obdarovan\u00fd \u010dlov\u011bk si toho ani nev\u0161imne, nato\u017e aby to ocenil \ud83d\ude42<\/p>\n<p>Asi si \u0159\u00edk\u00e1te, pro\u010d to vlastn\u011b \u0159e\u0161\u00edm a nehod\u00edm lososov\u00fd podklad pod celou str\u00e1nku, ale m\u011bla jsem jen zbyl\u00e9 pruhy. V takov\u00fdch p\u0159\u00edpadech si vypom\u00e1h\u00e1m \u010dern\u00fdmi pap\u00edry, kter\u00fdmi jsou vylo\u017eeny plastov\u00e9 kapsy do alb (dvac\u00edtky AMM alba maj\u00ed \u010dern\u00e9, t\u0159ic\u00edtky b\u00edle) &#8211; \u0161koda \u010dern\u00e9 strukturovan\u00e9 \u010dtvrtky. Nav\u00edc je tenhle pap\u00edr tak akor\u00e1t tenk\u00fd a pevn\u00fd, aby str\u00e1nku udr\u017eel ale zbyte\u010dn\u011b nezv\u00fd\u0161il. S oblibou ho pou\u017e\u00edv\u00e1m i na tenk\u00e9 r\u00e1me\u010dky (tedy obd\u00e9ln\u00edk pap\u00edru pod fotkou), kdy na dvoumilimetrov\u00e9m rantl\u00edku kolem fotky stejn\u011b n\u011bjak\u00e1 struktura \u010dtvrtky nem\u00e1 \u0161anci vyniknout.<\/p>\n<p>Tak\u017ee str\u00e1nku podlo\u017e\u00edm \u010dern\u00fdm pap\u00edrem, kter\u00fd ve v\u00fdsledku nebude v\u016fbec vid\u011bt, a na n\u011bj si pruhy pap\u00edr\u016f a fotku. Pokud m\u00e1m v \u00famyslu po kraji pro\u0161\u00edvat, mus\u00edm na to myslet ji\u017e p\u0159i lepen\u00ed a d\u00e1t si prou\u017eky lepic\u00ed p\u00e1sky d\u00e1l od kraje. Je to drobnost, ale lepidlo z p\u00e1sky se pak chyt\u00e1 na jehlu \u0161ic\u00edho stroje a mus\u00edm ji \u010das od \u010dasu o\u010distit, aby to ned\u011blalo neplechu. Pro\u0161\u00edv\u00e1n\u00ed oboustrann\u00e9 lepic\u00ed p\u00e1sky je ostatn\u011b nep\u0159\u00edjemn\u00e9 i p\u0159i ru\u010dn\u00edm \u0161it\u00ed.<\/p>\n<p>Jak jsem ji\u017e avizovala, str\u00e1nka je tentokr\u00e1t velice jednoduch\u00e1 &#8211; dva pruhy pap\u00edru t\u00f3n v t\u00f3nu k fotce, necel\u00e9 dv\u011b vlo\u010dky, t\u0159i svorky a \u0161it\u00ed. P\u0159i vlepov\u00e1n\u00ed kalend\u00e1\u0159ov\u00e9 str\u00e1nky, kter\u00e1 obsahuje ze zadn\u00ed strany no\u017ei\u010dky svorek nebo jin\u00e9 vystupuj\u00edc\u00ed prvky, pou\u017e\u00edv\u00e1m takov\u00fd kombinovan\u00fd zp\u016fsob lepen\u00ed, proto\u017ee samotn\u00e1 oboustranka m\u00e1 tendenci se odlepovat (zejm\u00e9na na kalend\u00e1\u0159i, kde je postavena skoro kolmo). Do roh\u016f a prost\u0159edka d\u00e1m oboustranku a mezi to n\u011bco Diamond Glaze. Oboustranka str\u00e1nku p\u011bkn\u011b p\u0159ichyt\u00ed, aby m\u011bl Diamond Glaze \u010das zaschnout (nemus\u00edm to dr\u017eet), a pak u\u017e se to \u010dasem neodchlipuje, proto\u017ee Diamond Glaze.<\/p>\n<p>A u\u017e m\u00e1m nalepeno a str\u00e1nka d\u011bl\u00e1 doma ozdobu. Byla schv\u00e1lena i m\u00fdm man\u017eelem, kter\u00fd lednovou ohodnotil jen posupn\u00fdm pohledem. Stra\u0161n\u011b nesn\u00e1\u0161\u00ed, kdy\u017e vyst\u0159ihuji lidi z fotek \ud83d\ude42 Jo a M\u00ed\u0161a se n\u011bjak fl\u00e1k\u00e1, ta je\u0161t\u011b pro babi\u010dky nem\u00e1 hotovo.<\/p>\n<p><a href=\"https:\/\/navody.hurapapir.cz\/wp-content\/uploads\/2012\/02\/kalendarovka_unor2012_01.jpg\"><img decoding=\"async\" loading=\"lazy\" class=\"aligncenter size-full wp-image-2267\" title=\"kalendarovka_unor2012_01\" alt=\"\" src=\"https:\/\/navody.hurapapir.cz\/wp-content\/uploads\/2012\/02\/kalendarovka_unor2012_01-e1329169017592.jpg\" width=\"480\" height=\"320\" \/><\/a><\/p>\n<p><a href=\"https:\/\/navody.hurapapir.cz\/wp-content\/uploads\/2012\/02\/kalendarovka_unor2012_02.jpg\"><img decoding=\"async\" loading=\"lazy\" class=\"aligncenter size-full wp-image-2268\" title=\"kalendarovka_unor2012_02\" alt=\"\" src=\"https:\/\/navody.hurapapir.cz\/wp-content\/uploads\/2012\/02\/kalendarovka_unor2012_02-e1329169047442.jpg\" width=\"480\" height=\"458\" \/><\/a><\/p>\n<p><a href=\"https:\/\/navody.hurapapir.cz\/wp-content\/uploads\/2012\/02\/kalendarovka_unor2012_03.jpg\"><img decoding=\"async\" loading=\"lazy\" class=\"aligncenter size-full wp-image-2269\" title=\"kalendarovka_unor2012_03\" alt=\"\" src=\"https:\/\/navody.hurapapir.cz\/wp-content\/uploads\/2012\/02\/kalendarovka_unor2012_03-e1329169075742.jpg\" width=\"480\" height=\"320\" \/><\/a><\/p>\n","protected":false},"excerpt":{"rendered":"<p>Foto a text Astarte Tak jsem se po\u0159\u00e1d t\u011b\u0161ila na ty zasn\u011b\u017een\u00e9 fotky na \u00fanorovou str\u00e1nku kalend\u00e1\u0159e a kde nic tu nic. Te\u010f, kdy\u017e m\u00e1m str\u00e1nku hotovou, je samoz\u0159ejm\u011b p\u0159edpov\u011b\u010f po\u010das\u00ed sn\u011bhu pln\u00e1 a za t\u00fdden jedeme do Orlick\u00fdch hor &#8211; snad nebudu muset d\u011blat zachumelen\u00fd b\u0159ezen \ud83d\ude42 Ale \u00fapln\u011b bez sn\u011bhu na\u0161t\u011bst\u00ed nebude ani &hellip;<br \/><a href=\"https:\/\/navody.hurapapir.cz\/?p=2265\" class=\"more-link pen_button pen_element_default pen_icon_arrow_double\">Pokra\u010dovat ve\u00a0\u010dten\u00ed <span class=\"screen-reader-text\">Kalend\u00e1\u0159ovka \u00fanor 2012 .. od Astarte<\/span><\/a><\/p>\n","protected":false},"author":2,"featured_media":0,"comment_status":"open","ping_status":"open","sticky":false,"template":"","format":"standard","meta":{"footnotes":""},"categories":[21],"tags":[87,78],"_links":{"self":[{"href":"https:\/\/navody.hurapapir.cz\/index.php?rest_route=\/wp\/v2\/posts\/2265"}],"collection":[{"href":"https:\/\/navody.hurapapir.cz\/index.php?rest_route=\/wp\/v2\/posts"}],"about":[{"href":"https:\/\/navody.hurapapir.cz\/index.php?rest_route=\/wp\/v2\/types\/post"}],"author":[{"embeddable":true,"href":"https:\/\/navody.hurapapir.cz\/index.php?rest_route=\/wp\/v2\/users\/2"}],"replies":[{"embeddable":true,"href":"https:\/\/navody.hurapapir.cz\/index.php?rest_route=%2Fwp%2Fv2%2Fcomments&post=2265"}],"version-history":[{"count":2,"href":"https:\/\/navody.hurapapir.cz\/index.php?rest_route=\/wp\/v2\/posts\/2265\/revisions"}],"predecessor-version":[{"id":11950,"href":"https:\/\/navody.hurapapir.cz\/index.php?rest_route=\/wp\/v2\/posts\/2265\/revisions\/11950"}],"wp:attachment":[{"href":"https:\/\/navody.hurapapir.cz\/index.php?rest_route=%2Fwp%2Fv2%2Fmedia&parent=2265"}],"wp:term":[{"taxonomy":"category","embeddable":true,"href":"https:\/\/navody.hurapapir.cz\/index.php?rest_route=%2Fwp%2Fv2%2Fcategories&post=2265"},{"taxonomy":"post_tag","embeddable":true,"href":"https:\/\/navody.hurapapir.cz\/index.php?rest_route=%2Fwp%2Fv2%2Ftags&post=2265"}],"curies":[{"name":"wp","href":"https:\/\/api.w.org\/{rel}","templated":true}]}}