{"id":2094,"date":"2012-01-22T15:11:21","date_gmt":"2012-01-22T15:11:21","guid":{"rendered":"http:\/\/navody.hurapapir.cz\/?p=2094"},"modified":"2015-12-18T23:33:38","modified_gmt":"2015-12-18T23:33:38","slug":"z-deniku-scrapbookarky-kalendarovka-leden-2012","status":"publish","type":"post","link":"https:\/\/navody.hurapapir.cz\/?p=2094","title":{"rendered":"Kalend\u00e1\u0159ovka leden 2012 &#8230;. kdo je Astarte? :-)"},"content":{"rendered":"<p><em>Foto a text Astarte<\/em><\/p>\n<p>Kdo je Astarte? \ud83d\ude42 &#8230; \u0158\u00edk\u00e1m si Astarte a scrapuji ji\u017e od roku 2007. M\u00e1m aktu\u00e1ln\u011b p\u011btiletou dceru M\u00ed\u0161u, kter\u00e1 se u\u017e tak\u00e9 pustila do scrapu. Vedle focen\u00ed to m\u00e1me jako dal\u0161\u00ed rodinn\u00fd kon\u00ed\u010dek \u2013 ostatn\u011b fotky se scrapem jdou tak n\u011bjak ruku v ruce. Dlouhodob\u011b spolupracuji s Aktijkou, kter\u00e1 vede tento obchod, a p\u00ed\u0161u pro ni mnoho scrapbookov\u00fdch \u010dl\u00e1nk\u016f a n\u00e1vod\u016f. \u0158\u00edkala jsem si, \u017ee by pro v\u00e1s mo\u017en\u00e1 byl zaj\u00edmav\u00fd seri\u00e1l, kde budu popisovat str\u00e1nky a jin\u00e9 scrapbookov\u00e9 projekty ji\u017e od samotn\u00e9ho vzniku \u2013 tedy od n\u00e1padu nebo od fotky, podle toho, co se p\u0159ihod\u00ed d\u0159\u00edv J Dozv\u00edte se n\u011bco o focen\u00ed, uk\u00e1\u017ei vyroben\u00e9 d\u00edlko a pokud pou\u017eiji n\u011bjakou \u201evychyt\u00e1vku\u201c, p\u0159id\u00e1m i tu \u2013 ke skouknut\u00ed a k diskuzi. Nem\u00e1m samoz\u0159ejm\u011b patent na rozum, tak\u017ee by mne \u010dasto zaj\u00edmalo, jestli n\u011bkter\u00e1 z v\u00e1s nevymyslela n\u011bco lep\u0161\u00edho a \u0161ikovn\u011bj\u0161\u00edho. Napi\u0161t\u011b mi pak, pros\u00edm, do koment\u00e1\u0159\u016f, jestli jsou pro v\u00e1s i takov\u00e9hle \u010dl\u00e1nky zaj\u00edmav\u00e9.<br \/>\n<a href=\"https:\/\/navody.hurapapir.cz\/wp-content\/uploads\/2012\/01\/hurapapir_zivot_scrapbookarky_leden2012_00_titulka.jpg\"><img decoding=\"async\" loading=\"lazy\" class=\"aligncenter size-full wp-image-2095\" title=\"hurapapir_zivot_scrapbookarky_leden2012_00_titulka\" alt=\"\" src=\"https:\/\/navody.hurapapir.cz\/wp-content\/uploads\/2012\/01\/hurapapir_zivot_scrapbookarky_leden2012_00_titulka-e1327244579547.jpg\" width=\"480\" height=\"320\" \/><\/a><!--more--><\/p>\n<p>Kalend\u00e1\u0159e s M\u00ed\u0161ou tvo\u0159\u00edme ji\u017e n\u011bkolik let. Syst\u00e9m jsme zab\u011bhly tak, \u017ee j\u00e1 d\u011bl\u00e1m n\u00e1\u0161 rodinn\u00fd kalend\u00e1\u0159 aktu\u00e1ln\u011b\u00a0 \u2013 za\u010d\u00e1tkem m\u011bs\u00edce (nebo koncem minul\u00e9ho) nafot\u00edme fotky kalend\u00e1\u0159ovky a zrovna je pak nech\u00e1m vyvolat a zpracuji na kalend\u00e1\u0159, tak\u017ee data po\u0159\u00edzen\u00ed sn\u00edmk\u016f zhruba odpov\u00eddaj\u00ed. Ze stejn\u00fdch sn\u00edmk\u016f pak M\u00ed\u0161a tvo\u0159\u00ed kalend\u00e1\u0159e pro babi\u010dky, kter\u00e9 je ale dostanou a\u017e k V\u00e1noc\u016fm, jsou tedy s fotografiemi o rok nazp\u011bt. Ze star\u00fdch kalend\u00e1\u0159\u016f pak d\u011bl\u00e1me <a href=\"https:\/\/navody.hurapapir.cz\/?p=2000\" target=\"_blank\">minialba <\/a><\/p>\n<p>Leto\u0161n\u00ed leden byl docela slu\u0161n\u00fd o\u0159\u00ed\u0161ek. Po sn\u011bhu ani pam\u00e1tky u\u017e od listopadu (jsem z Brna), resp. ne po takov\u00e9m sn\u011bhu, kter\u00fd by se dal rozumn\u011b zv\u011b\u010dnit na fotku reprezentuj\u00edc\u00ed leden. Kolem des\u00e1t\u00e9ho n\u00e1m do\u0161la trp\u011blivost. Kalend\u00e1\u0159 z\u00edval pr\u00e1zdnotou, ochlazen\u00ed nebo v\u00fdlet na hory v nedohlednu \u2013 mus\u00edme n\u011bco nafotit. A kdy\u017e sn\u00edh nen\u00ed, tak mus\u00edme holt zaznamenat re\u00e1ln\u00fd stav v\u011bc\u00ed. Ale zase aby bylo poznat, \u017ee tahle fotka m\u00e1 opravdu pat\u0159it k lednu. M\u00ed\u0161a je pro ka\u017edou legraci. Ochotn\u011b se navl\u00e9kla do ultra zimn\u00ed v\u00fdstroje, do\u0161ly jsme do sklepa pro s\u00e1\u0148ky a hur\u00e1 na n\u00e1\u0161 obl\u00edben\u00fdch svah pod bar\u00e1kem. M\u011bly jsme plnou pozornost v\u0161ech kolemjdouc\u00edch i v\u0161ech kolemjedouc\u00edch d\u011bt\u00ed na kolob\u011b\u017ek\u00e1ch J\u00a0 Nakonec se uk\u00e1zalo, \u017ee s\u00e1\u0148kov\u00e1n\u00ed na bl\u00e1t\u011b nen\u00ed a\u017e takov\u00e1 tr\u00e1ga, M\u00ed\u0161a sjela kope\u010dek p\u011btkr\u00e1t a v\u00fdborn\u011b se vy\u0159\u00e1dila. J\u00e1 jsem b\u011bhala kolem s fo\u0165\u00e1kem a sna\u017eila jsem si fotit proti svahu, abych dostate\u010dn\u011b zab\u00edrala i zelen\u00fd pa\u017eit a stromy bez sn\u011bhu. Slun\u00ed\u010dko bylo na focen\u00ed optim\u00e1ln\u00ed. Nesv\u00edtilo p\u0159\u00edmo, ale bylo schovan\u00e9 za mrakem, tak\u017ee sv\u011btla bylo dost a p\u0159itom st\u00edny ned\u011blaly probl\u00e9m. To si v\u017edycky pohl\u00eddejte, pokud chcete fotit portr\u00e9tky. Ostr\u00e9 st\u00edny v obli\u010deji v\u011bt\u0161inou nejsou moc vzhledn\u00e9 a t\u011b\u017eko se pak na fotce potla\u010duj\u00ed. Nakonec je\u0161t\u011b M\u00ed\u0161a p\u0159edvedla pantomimick\u00e9 p\u0159edstaven\u00ed na t\u00e9ma \u201enen\u00ed sn\u00edh, to je trag\u00e9die, co budeme d\u011blat\u201c a\u00a0 m\u011bly jsme nafoceno.<\/p>\n<p><a href=\"https:\/\/navody.hurapapir.cz\/wp-content\/uploads\/2012\/01\/hurapapir_zivot_scrapbookarky_leden2012_01.jpg\"><img decoding=\"async\" loading=\"lazy\" class=\"aligncenter size-full wp-image-2096\" title=\"hurapapir_zivot_scrapbookarky_leden2012_01\" alt=\"\" src=\"https:\/\/navody.hurapapir.cz\/wp-content\/uploads\/2012\/01\/hurapapir_zivot_scrapbookarky_leden2012_01-e1327244703389.jpg\" width=\"480\" height=\"718\" \/><\/a><\/p>\n<p>Fotky jsem M\u00ed\u0161e rovnou vytiskla na tisk\u00e1rn\u011b, proto\u017ee je nutn\u011b musela zrovna ten den zpracovat. A\u017e jsem si pak donesla ty \u0159\u00e1dn\u011b vyvolan\u00e9 z minilabu, jednodu\u0161e jsem jimi ty vybledl\u00e9 z tisk\u00e1rny p\u0159elepila. Zimu nezimu jsme se nakonec pokusily vdechnout i do zdoben\u00ed str\u00e1nek. Vlo\u010dky ano, ale v netradi\u010dn\u00edch barv\u00e1ch, \u010derven\u00e9 a bl\u00e1tiv\u00e9 na zelen\u00e9m podkladu.<\/p>\n<p><a href=\"https:\/\/navody.hurapapir.cz\/wp-content\/uploads\/2012\/01\/hurapapir_zivot_scrapbookarky_leden2012_02.jpg\"><img decoding=\"async\" loading=\"lazy\" class=\"aligncenter size-full wp-image-2097\" title=\"hurapapir_zivot_scrapbookarky_leden2012_02\" alt=\"\" src=\"https:\/\/navody.hurapapir.cz\/wp-content\/uploads\/2012\/01\/hurapapir_zivot_scrapbookarky_leden2012_02-e1327244788414.jpg\" width=\"480\" height=\"320\" \/><\/a><\/p>\n<p>J\u00e1 jsem se musela uch\u00fdlit a\u017e ke knofl\u00edk\u016fm (nem\u00e1m je moc r\u00e1da) a str\u00e1nku ozdobn\u011b pro\u0161\u00edt, obohatit o knofl\u00edky a sem tam n\u011bjakou vlo\u010dku. Na fotce vid\u00edte, \u017ee si p\u0159i \u0161it\u00ed s n\u011bjak\u00fdm fixov\u00e1n\u00edm bavlnky moc hlavu nel\u00e1mu. Uzl\u00edky r\u00e1dy d\u011blaj\u00ed neplechy, nadzved\u00e1vaj\u00ed pap\u00edr a v\u016fbec. Sta\u010d\u00ed l\u00edpnout kousek oboustranky a na ni p\u0159ilepit konec bavlnky. Pokud je to ze zadn\u00ed strany str\u00e1nky do alba, p\u0159elep\u00edm to je\u0161t\u011b norm\u00e1ln\u00ed izolepou nebo oboustrankou, ze kter\u00e9 nesund\u00e1m druh\u00fd kryc\u00ed prou\u017eke pap\u00edru. Tady jsem str\u00e1nku vlepovala do kalend\u00e1\u0159e, tak\u017ee nebylo pot\u0159eba ani to.<\/p>\n<p><a href=\"https:\/\/navody.hurapapir.cz\/wp-content\/uploads\/2012\/01\/hurapapir_zivot_scrapbookarky_leden2012_03.jpg\"><img decoding=\"async\" loading=\"lazy\" class=\"aligncenter size-full wp-image-2098\" title=\"hurapapir_zivot_scrapbookarky_leden2012_03\" alt=\"\" src=\"https:\/\/navody.hurapapir.cz\/wp-content\/uploads\/2012\/01\/hurapapir_zivot_scrapbookarky_leden2012_03-e1327244856839.jpg\" width=\"480\" height=\"320\" \/><\/a><\/p>\n<p>Vr\u0161ek str\u00e1nky mi p\u0159ipadal pr\u00e1zdn\u00fd, tak jsem je\u0161t\u011b na Silhouettu vy\u0159\u00edzla t\u00e9matick\u00fd nadpis. U\u017e se t\u011b\u0161\u00edm na \u00fanor, \u017ee snad do t\u00e9 doby ulov\u00edme n\u011bjak\u00e9 opravdu zimn\u00ed fotky \ud83d\ude42<\/p>\n<p><a href=\"https:\/\/navody.hurapapir.cz\/wp-content\/uploads\/2012\/01\/hurapapir_zivot_scrapbookarky_leden2012_04.jpg\"><img decoding=\"async\" loading=\"lazy\" class=\"aligncenter size-full wp-image-2099\" title=\"hurapapir_zivot_scrapbookarky_leden2012_04\" alt=\"\" src=\"https:\/\/navody.hurapapir.cz\/wp-content\/uploads\/2012\/01\/hurapapir_zivot_scrapbookarky_leden2012_04-e1327244913471.jpg\" width=\"480\" height=\"320\" \/><\/a><\/p>\n<p><a href=\"https:\/\/navody.hurapapir.cz\/wp-content\/uploads\/2012\/01\/hurapapir_zivot_scrapbookarky_leden2012_05.jpg\"><img decoding=\"async\" loading=\"lazy\" class=\"aligncenter size-full wp-image-2100\" title=\"hurapapir_zivot_scrapbookarky_leden2012_05\" alt=\"\" src=\"https:\/\/navody.hurapapir.cz\/wp-content\/uploads\/2012\/01\/hurapapir_zivot_scrapbookarky_leden2012_05-e1327244944486.jpg\" width=\"480\" height=\"320\" \/><\/a><\/p>\n<p><em>A kdy\u017e p\u0159i\u0161el \u010das na \u010dl\u00e1nek, v Brn\u011b napadl popra\u0161ek sn\u011bhu \ud83d\ude42<\/em><\/p>\n","protected":false},"excerpt":{"rendered":"<p>Foto a text Astarte Kdo je Astarte? \ud83d\ude42 &#8230; \u0158\u00edk\u00e1m si Astarte a scrapuji ji\u017e od roku 2007. M\u00e1m aktu\u00e1ln\u011b p\u011btiletou dceru M\u00ed\u0161u, kter\u00e1 se u\u017e tak\u00e9 pustila do scrapu. Vedle focen\u00ed to m\u00e1me jako dal\u0161\u00ed rodinn\u00fd kon\u00ed\u010dek \u2013 ostatn\u011b fotky se scrapem jdou tak n\u011bjak ruku v ruce. Dlouhodob\u011b spolupracuji s Aktijkou, kter\u00e1 vede &hellip;<br \/><a href=\"https:\/\/navody.hurapapir.cz\/?p=2094\" class=\"more-link pen_button pen_element_default pen_icon_arrow_double\">Pokra\u010dovat ve\u00a0\u010dten\u00ed <span class=\"screen-reader-text\">Kalend\u00e1\u0159ovka leden 2012 &#8230;. kdo je Astarte? \ud83d\ude42<\/span><\/a><\/p>\n","protected":false},"author":2,"featured_media":0,"comment_status":"open","ping_status":"open","sticky":false,"template":"","format":"standard","meta":{"footnotes":""},"categories":[21],"tags":[87,78],"_links":{"self":[{"href":"https:\/\/navody.hurapapir.cz\/index.php?rest_route=\/wp\/v2\/posts\/2094"}],"collection":[{"href":"https:\/\/navody.hurapapir.cz\/index.php?rest_route=\/wp\/v2\/posts"}],"about":[{"href":"https:\/\/navody.hurapapir.cz\/index.php?rest_route=\/wp\/v2\/types\/post"}],"author":[{"embeddable":true,"href":"https:\/\/navody.hurapapir.cz\/index.php?rest_route=\/wp\/v2\/users\/2"}],"replies":[{"embeddable":true,"href":"https:\/\/navody.hurapapir.cz\/index.php?rest_route=%2Fwp%2Fv2%2Fcomments&post=2094"}],"version-history":[{"count":5,"href":"https:\/\/navody.hurapapir.cz\/index.php?rest_route=\/wp\/v2\/posts\/2094\/revisions"}],"predecessor-version":[{"id":11951,"href":"https:\/\/navody.hurapapir.cz\/index.php?rest_route=\/wp\/v2\/posts\/2094\/revisions\/11951"}],"wp:attachment":[{"href":"https:\/\/navody.hurapapir.cz\/index.php?rest_route=%2Fwp%2Fv2%2Fmedia&parent=2094"}],"wp:term":[{"taxonomy":"category","embeddable":true,"href":"https:\/\/navody.hurapapir.cz\/index.php?rest_route=%2Fwp%2Fv2%2Fcategories&post=2094"},{"taxonomy":"post_tag","embeddable":true,"href":"https:\/\/navody.hurapapir.cz\/index.php?rest_route=%2Fwp%2Fv2%2Ftags&post=2094"}],"curies":[{"name":"wp","href":"https:\/\/api.w.org\/{rel}","templated":true}]}}