{"id":2000,"date":"2012-01-07T23:44:14","date_gmt":"2012-01-07T23:44:14","guid":{"rendered":"http:\/\/navody.hurapapir.cz\/?p=2000"},"modified":"2012-01-07T23:45:02","modified_gmt":"2012-01-07T23:45:02","slug":"ze-stareho-kalendare-minialbum","status":"publish","type":"post","link":"https:\/\/navody.hurapapir.cz\/?p=2000","title":{"rendered":"Ze star\u00e9ho kalend\u00e1\u0159e minialbum"},"content":{"rendered":"<p><em>Foto a text Astarte<\/em><\/p>\n<p>Za\u010dal n\u00e1m nov\u00fd rok, lo\u0148sk\u00e9 kalend\u00e1\u0159e jsou vym\u011bn\u011bny za nov\u00e9,  tak tu m\u00e1m takov\u00fd mal\u00fd tip pro ty z v\u00e1s, kter\u00e9 rad\u011bji ne\u017e kupovan\u00e9 pou\u017e\u00edv\u00e1te  kalend\u00e1\u0159e scrapovan\u00e9.<\/p>\n<p><a href=\"https:\/\/navody.hurapapir.cz\/wp-content\/uploads\/2012\/01\/co_se_starym_kalendarem_00_titulka.jpg\"><img decoding=\"async\" loading=\"lazy\" class=\"aligncenter size-full wp-image-2002\" title=\"co_se_starym_kalendarem_00_titulka\" src=\"https:\/\/navody.hurapapir.cz\/wp-content\/uploads\/2012\/01\/co_se_starym_kalendarem_00_titulka-e1325979564704.jpg\" alt=\"\" width=\"470\" height=\"313\" \/><\/a><!--more--><\/p>\n<p>Ru\u010dn\u011b scrapovan\u00e9  kalend\u00e1\u0159e se samoz\u0159ejm\u011b nikdy NEVYHAZUJ\u00cd! \ud83d\ude42\u00a0 Z\u00e1rove\u0148 ale  v\u011bt\u0161inou nen\u00ed d\u016fvod zachovat kalend\u00e1\u0159 cel\u00fd i s kalend\u00e1riem, kter\u00e9 vpodstat\u011b jen  zab\u00edr\u00e1 m\u00edsto. Kalend\u00e1\u0159e pro vlastn\u00ed tvorbu, kter\u00e9 prod\u00e1v\u00e1 Aktijka, jsou p\u0159\u00edmo  uzp\u016fsobeny k tomu, aby se z nich daly jednoduch\u00fdm zp\u016fsobem ud\u011blat sympatick\u00e1  minialba.<\/p>\n<p><a href=\"https:\/\/navody.hurapapir.cz\/wp-content\/uploads\/2012\/01\/co_se_starym_kalendarem_01.jpg\"><img decoding=\"async\" loading=\"lazy\" class=\"aligncenter size-full wp-image-2001\" title=\"co_se_starym_kalendarem_01\" src=\"https:\/\/navody.hurapapir.cz\/wp-content\/uploads\/2012\/01\/co_se_starym_kalendarem_01-e1325979527910.jpg\" alt=\"\" width=\"470\" height=\"401\" \/><\/a><\/p>\n<p>U velk\u00e9ho  n\u00e1st\u011bnn\u00e9ho kalend\u00e1\u0159e  jsem \u010d\u00e1sti s kalend\u00e1rii u\u0159ezala t\u011bsn\u011b nad n\u00e1zvy m\u011bs\u00edc\u016f. Na obr\u00e1zku je konkr\u00e9tn\u011b  kalend\u00e1\u0159, kter\u00fd d\u011blala M\u00ed\u0161a pro babi\u010dku, a proto\u017ee babi\u010dka m\u00e1 r\u00e1da vesel\u00e9 barvy,  je\u0161t\u011b jsem jednotliv\u00e9 str\u00e1nky p\u011bkn\u011b barevn\u011b oinkoustovala. Na tituln\u00ed stran\u011b  jsem necht\u011bla m\u00edt vy\u0159\u00edznut\u00fd r\u00e1me\u010dek s v\u00fdhledem na lednovou fotku, ale klasick\u00e9  desky, tak\u017ee jsem r\u00e1me\u010dek p\u0159elepila \u010dernou \u010dtvrtkou a doplnila nadpis a  rok.<\/p>\n<p>Tady pozor &#8211; z\u00e1le\u017e\u00ed  na tom, jak aktu\u00e1ln\u011b kalend\u00e1\u0159e d\u011bl\u00e1te. U n\u00e1s to funguje tak, \u017ee n\u00e1\u0161 dom\u00e1c\u00ed  stoln\u00ed kalend\u00e1\u0159 d\u011bl\u00e1m z aktu\u00e1ln\u00edch fotek p\u011bkn\u011b ka\u017ed\u00fd m\u011bs\u00edc, tak\u017ee mi souhlas\u00ed  plus minus datov\u00e1n\u00ed fotografi\u00ed s rokem kalend\u00e1\u0159e. Ze stejn\u00e9 sady fotek pak moje  dcera M\u00ed\u0161a d\u011bl\u00e1 kalend\u00e1\u0159e babi\u010dk\u00e1m (b\u011bhem roku na \u010dtvrtky, kter\u00e9 pak do kalend\u00e1\u0159e  vlep\u00edme), kter\u00e9 je ov\u0161em dostanou a\u017e cel\u00e9 hotov\u00e9. Tedy fotografie jsou vlastn\u011b o  rok star\u0161\u00ed ne\u017e rok uveden\u00fd na kalend\u00e1\u0159i. Proto tak\u00e9 na minialbum d\u00e1v\u00e1m skute\u010dn\u00fd  rok po\u0159\u00edzen\u00ed fotografi\u00ed, v tomto p\u0159\u00edpad\u011b 2010. U alba u\u017e vlastn\u011b nikdo nepozn\u00e1,  \u017ee to byl d\u0159\u00edve kalend\u00e1\u0159.<\/p>\n<p><a href=\"https:\/\/navody.hurapapir.cz\/wp-content\/uploads\/2012\/01\/co_se_starym_kalendarem_02.jpg\"><img decoding=\"async\" loading=\"lazy\" class=\"aligncenter size-full wp-image-2003\" title=\"co_se_starym_kalendarem_02\" src=\"https:\/\/navody.hurapapir.cz\/wp-content\/uploads\/2012\/01\/co_se_starym_kalendarem_02-e1325979727434.jpg\" alt=\"\" width=\"469\" height=\"375\" \/><\/a><\/p>\n<p>U stoln\u00edho  kalend\u00e1\u0159e byla zm\u011bna na album je\u0161t\u011b jednodu\u0161\u0161\u00ed. D\u00edky tomu, \u017ee obr\u00e1zky i  kalend\u00e1rium jsou na samostatn\u00fdch spir\u00e1l\u00e1ch, sta\u010d\u00ed odstranit kartonov\u00fd z\u00e1klad  (odst\u0159ihnout) a m\u00e1te alb\u00ed\u010dko a pak je\u0161t\u011b not\u00fdsek s jednotliv\u00fdmi t\u00fddny pro d\u011bti  na hran\u00ed nebo na schov\u00e1n\u00ed, pokud si zapisujete d\u011bjinn\u011b d\u016fle\u017eit\u00e9 ud\u00e1losti do  kalend\u00e1\u0159e \ud83d\ude42 I vrchn\u00ed deska je  pevn\u00e1 bez vy\u0159ezan\u00e9ho r\u00e1me\u010dku, rok souhlas\u00ed (v m\u00e9m p\u0159\u00edpad\u011b), tak\u017ee sta\u010dilo jen  doplnit nadpis.<\/p>\n<p><a href=\"https:\/\/navody.hurapapir.cz\/wp-content\/uploads\/2012\/01\/co_se_starym_kalendarem_03.jpg\"><img decoding=\"async\" loading=\"lazy\" class=\"aligncenter size-full wp-image-2004\" title=\"co_se_starym_kalendarem_03\" src=\"https:\/\/navody.hurapapir.cz\/wp-content\/uploads\/2012\/01\/co_se_starym_kalendarem_03-e1325979789571.jpg\" alt=\"\" width=\"470\" height=\"378\" \/><\/a><\/p>\n<p>Moc  se mi l\u00edb\u00ed, \u017ee mohu pr\u00e1ci investovanou do kalend\u00e1\u0159e  takto z\u00faro\u010dit ve form\u011b minialba. Obzvl\u00e1\u0161t\u011b u toho sv\u00e9ho kalend\u00e1\u0159e, pro mamku u\u017e  jsem jich ud\u011blala kupu, ale v\u0161echny \u0161ly z domu, a nakonec jsem j\u00e1 ta, kdo nem\u00e1  co vz\u00edt do kabelky na \u0161koln\u00ed sraz \ud83d\ude42\u00a0 Tak u\u017e kone\u010dn\u011b m\u00e1m.<\/p>\n<p>A z\u00e1rove\u0148 n\u00e1m za\u010dly pr\u00e1ce na nov\u00e9m kalend\u00e1\u0159i. Zimn\u00edch fotek  se asi letos v lednu nedo\u010dk\u00e1m, tak\u017ee jsme s M\u00ed\u0161ou domluven\u00e9, \u017ee v sobotu zkus\u00edme  nafotit n\u011bjak\u00e9 vesel\u00e9 kreace se s\u00e1\u0148kama na zelen\u00e9 tr\u00e1v\u011b \ud83d\ude42<\/p>\n<p><em>Astarte<\/em><\/p>\n","protected":false},"excerpt":{"rendered":"<p>Foto a text Astarte Za\u010dal n\u00e1m nov\u00fd rok, lo\u0148sk\u00e9 kalend\u00e1\u0159e jsou vym\u011bn\u011bny za nov\u00e9, tak tu m\u00e1m takov\u00fd mal\u00fd tip pro ty z v\u00e1s, kter\u00e9 rad\u011bji ne\u017e kupovan\u00e9 pou\u017e\u00edv\u00e1te kalend\u00e1\u0159e scrapovan\u00e9.<\/p>\n","protected":false},"author":2,"featured_media":0,"comment_status":"open","ping_status":"open","sticky":false,"template":"","format":"standard","meta":{"footnotes":""},"categories":[20],"tags":[],"_links":{"self":[{"href":"https:\/\/navody.hurapapir.cz\/index.php?rest_route=\/wp\/v2\/posts\/2000"}],"collection":[{"href":"https:\/\/navody.hurapapir.cz\/index.php?rest_route=\/wp\/v2\/posts"}],"about":[{"href":"https:\/\/navody.hurapapir.cz\/index.php?rest_route=\/wp\/v2\/types\/post"}],"author":[{"embeddable":true,"href":"https:\/\/navody.hurapapir.cz\/index.php?rest_route=\/wp\/v2\/users\/2"}],"replies":[{"embeddable":true,"href":"https:\/\/navody.hurapapir.cz\/index.php?rest_route=%2Fwp%2Fv2%2Fcomments&post=2000"}],"version-history":[{"count":2,"href":"https:\/\/navody.hurapapir.cz\/index.php?rest_route=\/wp\/v2\/posts\/2000\/revisions"}],"predecessor-version":[{"id":2006,"href":"https:\/\/navody.hurapapir.cz\/index.php?rest_route=\/wp\/v2\/posts\/2000\/revisions\/2006"}],"wp:attachment":[{"href":"https:\/\/navody.hurapapir.cz\/index.php?rest_route=%2Fwp%2Fv2%2Fmedia&parent=2000"}],"wp:term":[{"taxonomy":"category","embeddable":true,"href":"https:\/\/navody.hurapapir.cz\/index.php?rest_route=%2Fwp%2Fv2%2Fcategories&post=2000"},{"taxonomy":"post_tag","embeddable":true,"href":"https:\/\/navody.hurapapir.cz\/index.php?rest_route=%2Fwp%2Fv2%2Ftags&post=2000"}],"curies":[{"name":"wp","href":"https:\/\/api.w.org\/{rel}","templated":true}]}}