{"id":1827,"date":"2011-12-11T02:14:14","date_gmt":"2011-12-11T02:14:14","guid":{"rendered":"http:\/\/navody.hurapapir.cz\/?p=1827"},"modified":"2011-12-11T02:16:13","modified_gmt":"2011-12-11T02:16:13","slug":"navod-na-kalendar-pomoci-krouzkovych-vazacu","status":"publish","type":"post","link":"https:\/\/navody.hurapapir.cz\/?p=1827","title":{"rendered":"N\u00e1vod na kalend\u00e1\u0159 &#8230; pomoc\u00ed krou\u017ekov\u00fdch vaza\u010d\u016f"},"content":{"rendered":"<p><em>Foto a text Ekulka<\/em><\/p>\n<p style=\"text-align: justify;\">Tak jsem o druh\u00e9 adventn\u00ed ned\u011bli zjistila, \u017ee mus\u00edm do V\u00e1noc stihnout vyrobit 6 kalend\u00e1\u0159\u016f. Pak jsem ale zjistila, \u017ee jsem si koupila jen p\u011bt kalend\u00e1\u0159\u016f. A nejhor\u0161\u00ed zji\u0161t\u011bn\u00ed bylo, \u017ee Aktijka u\u017e kalend\u00e1\u0159e nem\u00e1&#8230;<em> aktu\u00e1ln\u00ed info, Aktijka u\u017e op\u011bt <a href=\"http:\/\/www.hurapapir.cz\/KALENDARE\/\">m\u00e1 <\/a>\ud83d\ude42<\/em> . No a proto\u017ee jsem od p\u0159\u00edrody spo\u0159iv\u00fd \u010dlov\u011bk, je mi l\u00edto objednat jeden kalend\u00e1\u0159 n\u011bkde jinde a za po\u0161tovn\u00e9 zaplatit je\u0161t\u011b v\u00edce ne\u017e kalend\u00e1\u0159 \ud83d\ude42 . Pak m\u011b napadlo, \u017ee by takov\u00fd kalend\u00e1\u0159 \u0161el lehce vyrobit doma.<\/p>\n<p><a href=\"https:\/\/navody.hurapapir.cz\/wp-content\/uploads\/2011\/12\/IMG_27441.jpg\"><img decoding=\"async\" loading=\"lazy\" class=\"aligncenter size-full wp-image-1834\" title=\"IMG_2744\" src=\"https:\/\/navody.hurapapir.cz\/wp-content\/uploads\/2011\/12\/IMG_27441-e1323569613141.jpg\" alt=\"\" width=\"460\" height=\"327\" \/><\/a><!--more--><\/p>\n<p><strong>Pot\u0159ebujeme:<\/strong><\/p>\n<ul>\n<li>karton (lepenku) na konstrukci kalend\u00e1\u0159e<\/li>\n<\/ul>\n<ul>\n<li>\u010dern\u00e9 nebo b\u00edl\u00e9 \u010dtvrtky pro nalepen\u00ed fotek<\/li>\n<\/ul>\n<ul>\n<li>kalend\u00e1rium<\/li>\n<\/ul>\n<ul>\n<li style=\"text-align: justify;\"><a href=\"http:\/\/www.hurapapir.cz\/Zutter-prislusenstvi\/Strojky\/Zutter-Bind-it-All-V2-0-AKCNI-SADA.html\">zutter <\/a>nebo jin\u00fd strojek na krou\u017ekovou vazbu (d\u00e1 se nahradit d\u011brova\u010dkou a kloboukovou gumi\u010dkou nebo kniha\u0159sk\u00fdmi krou\u017eky)<\/li>\n<\/ul>\n<ul>\n<li>psac\u00ed pot\u0159eby, prav\u00edtko, n\u016f\u017eky (\u0159eza\u010dku)<\/li>\n<\/ul>\n<p><a href=\"https:\/\/navody.hurapapir.cz\/wp-content\/uploads\/2011\/12\/IMG_2733.jpg\"><img decoding=\"async\" loading=\"lazy\" class=\"aligncenter size-full wp-image-1828\" title=\"IMG_2733\" src=\"https:\/\/navody.hurapapir.cz\/wp-content\/uploads\/2011\/12\/IMG_2733-e1323569289303.jpg\" alt=\"\" width=\"460\" height=\"345\" \/><\/a><\/p>\n<p style=\"text-align: justify;\">Nejd\u0159\u00edve je vhodn\u00e9 si p\u0159ipravit kalend\u00e1rium. Slo\u017eit\u011bj\u0161\u00ed mo\u017enost je si kalend\u00e1rium vytvo\u0159it podle n\u011bjak\u00e9ho jin\u00e9ho kalend\u00e1\u0159e na dal\u0161\u00ed rok, nap\u0159\u00edklad v\u00a0MS Excel. Jednodu\u0161\u0161\u00ed je pou\u017e\u00edt kalend\u00e1\u0159ovou \u0161ablonu, kterou MS Excel nab\u00edz\u00ed (jestli to nab\u00edz\u00ed i tabulkov\u00fd editor Open Office netu\u0161\u00edm). Pro neznal\u00e9 pr\u00e1ce s\u00a0t\u00edmto programem je nejjednodu\u0161\u0161\u00ed zadat do N\u00e1pov\u011bdy (F1) slovo kalend\u00e1\u0159 a pak na vhodn\u00fd v\u00fdsledek jen kliknout a upravit si v\u0161e podle pot\u0159eby. Komu by se kalend\u00e1\u0159e v\u00a0nab\u00eddce nel\u00edbily, je mo\u017eno dal\u0161\u00ed dohledat na internetu nebo webu microsoft.cz. Kalend\u00e1rium si upravte do podoby, kter\u00e1 v\u00e1m vyhovuje (nap\u0159. jako j\u00e1 si kalend\u00e1\u0159 vytiskn\u011bte oboustrann\u011b \u2013 leden-prosinec, \u00fanor-listopad atd.). Jednodu\u0161\u0161\u00ed je vytisknout kalend\u00e1\u0159 na 12 stran.<\/p>\n<p><a href=\"https:\/\/navody.hurapapir.cz\/wp-content\/uploads\/2011\/12\/IMG_2735.jpg\"><img decoding=\"async\" loading=\"lazy\" class=\"aligncenter size-full wp-image-1830\" title=\"IMG_2735\" src=\"https:\/\/navody.hurapapir.cz\/wp-content\/uploads\/2011\/12\/IMG_2735-e1323569422591.jpg\" alt=\"\" width=\"460\" height=\"303\" \/><\/a><\/p>\n<p style=\"text-align: justify;\">Podle velikosti kalend\u00e1ria vyst\u0159ihn\u011bte 7 (pokud chcete kalend\u00e1\u0159 oboustrann\u00fd a tituln\u00ed stranu) nebo 13 str\u00e1nek z\u00a0\u010dern\u00e9 nebo b\u00edl\u00e9 \u010dtvrtky. To bude z\u00e1klad pro fotky. Zvolit m\u016f\u017eete i jinou barvu, nap\u0159. va\u0161i obl\u00edbenou. Na \u0161\u00ed\u0159ku m\u016f\u017ee b\u00fdt \u0161ir\u0161\u00ed ne\u017e kalend\u00e1rium, na v\u00fd\u0161ku by m\u011bl b\u00fdt stejn\u011b dlouh\u00fd, aby kalend\u00e1\u0159 vypadal \u00fahledn\u011b.<\/p>\n<p style=\"text-align: justify;\">Pot\u00e9 je pot\u0159eba si je\u0161t\u011b p\u0159ipravit karton na korpus kalend\u00e1\u0159e. Je to jednoduch\u00e9. Karton bude stejn\u011b \u0161irok\u00fd, jako kalend\u00e1rium a \u010dtvrtky pro fotky (m\u016f\u017ee b\u00fdt o cca 5mm \u0161ir\u0161\u00ed, aby se kalend\u00e1\u0159 dob\u0159e ot\u00e1\u010del. Na v\u00fd\u0161ku (rozum\u011bjte jednu stranu korpusu) bude kalend\u00e1\u0159 cca o 2cm del\u0161\u00ed, ne\u017e je kalend\u00e1rium i \u010dtvrtky pro fotky. Nezapome\u0148me na podstavu \u2013 ta bude cca 6cm \u0161irok\u00e1 (rozd\u011blen\u00e1 na 2x3cm, aby kalend\u00e1\u0159 dob\u0159e st\u00e1l). Tento popis vypad\u00e1 nesrozumiteln\u011b, ale p\u0159i pohledu na obr\u00e1zek je to jasn\u00e9. Podstavu ohneme pod\u00e9l \u010dar tak, jak je na obr\u00e1zku.<\/p>\n<p><a href=\"https:\/\/navody.hurapapir.cz\/wp-content\/uploads\/2011\/12\/IMG_2737.jpg\"><img decoding=\"async\" loading=\"lazy\" class=\"aligncenter size-full wp-image-1829\" title=\"IMG_2737\" src=\"https:\/\/navody.hurapapir.cz\/wp-content\/uploads\/2011\/12\/IMG_2737-e1323569396333.jpg\" alt=\"\" width=\"461\" height=\"346\" \/><\/a><\/p>\n<p><a href=\"https:\/\/navody.hurapapir.cz\/wp-content\/uploads\/2011\/12\/IMG_2740.jpg\"><img decoding=\"async\" loading=\"lazy\" class=\"aligncenter size-full wp-image-1831\" title=\"IMG_2740\" src=\"https:\/\/navody.hurapapir.cz\/wp-content\/uploads\/2011\/12\/IMG_2740.jpg\" alt=\"\" width=\"461\" height=\"351\" srcset=\"https:\/\/navody.hurapapir.cz\/wp-content\/uploads\/2011\/12\/IMG_2740.jpg 500w, https:\/\/navody.hurapapir.cz\/wp-content\/uploads\/2011\/12\/IMG_2740-300x229.jpg 300w\" sizes=\"(max-width: 461px) 100vw, 461px\" \/><\/a><\/p>\n<p style=\"text-align: justify;\">Nyn\u00ed u\u017e jen ve st\u0159edu \u010dtvrtek a kalend\u00e1ria proraz\u00edme d\u00edrky Zutterem (nebo d\u011brova\u010dkou) a pot\u00e9 tot\u00e9\u017e vyraz\u00edme do kartonu (doporu\u010duji si v\u0161e po\u0159\u00e1dn\u011b p\u0159em\u011b\u0159it a na\u010drtnout pomocn\u00e9 \u010d\u00e1ry).<\/p>\n<p style=\"text-align: justify;\">Te\u010f u\u017e jen kalend\u00e1\u0159 sv\u00e1\u017eeme dohromady. J\u00e1 jsem si sv\u00e1zala jen kalend\u00e1rium, \u010dern\u00e9 \u010dtvrtky si sv\u00e1\u017eu, a\u017e je nazdob\u00edm a polep\u00edm fotkami, l\u00e9pe se mi s\u00a0nimi bude manipulovat.<\/p>\n<p><a href=\"https:\/\/navody.hurapapir.cz\/wp-content\/uploads\/2011\/12\/IMG_2742.jpg\"><img decoding=\"async\" loading=\"lazy\" class=\"aligncenter size-full wp-image-1832\" title=\"IMG_2742\" src=\"https:\/\/navody.hurapapir.cz\/wp-content\/uploads\/2011\/12\/IMG_2742-e1323569549470.jpg\" alt=\"\" width=\"460\" height=\"342\" \/><\/a><\/p>\n<p><a href=\"https:\/\/navody.hurapapir.cz\/wp-content\/uploads\/2011\/12\/IMG_2744.jpg\"><img decoding=\"async\" loading=\"lazy\" class=\"aligncenter size-full wp-image-1833\" title=\"IMG_2744\" src=\"https:\/\/navody.hurapapir.cz\/wp-content\/uploads\/2011\/12\/IMG_2744-e1323569585304.jpg\" alt=\"\" width=\"460\" height=\"327\" \/><\/a><\/p>\n","protected":false},"excerpt":{"rendered":"<p>Foto a text Ekulka Tak jsem o druh\u00e9 adventn\u00ed ned\u011bli zjistila, \u017ee mus\u00edm do V\u00e1noc stihnout vyrobit 6 kalend\u00e1\u0159\u016f. Pak jsem ale zjistila, \u017ee jsem si koupila jen p\u011bt kalend\u00e1\u0159\u016f. A nejhor\u0161\u00ed zji\u0161t\u011bn\u00ed bylo, \u017ee Aktijka u\u017e kalend\u00e1\u0159e nem\u00e1&#8230; aktu\u00e1ln\u00ed info, Aktijka u\u017e op\u011bt m\u00e1 \ud83d\ude42 . No a proto\u017ee jsem od p\u0159\u00edrody spo\u0159iv\u00fd \u010dlov\u011bk, &hellip;<br \/><a href=\"https:\/\/navody.hurapapir.cz\/?p=1827\" class=\"more-link pen_button pen_element_default pen_icon_arrow_double\">Pokra\u010dovat ve\u00a0\u010dten\u00ed <span class=\"screen-reader-text\">N\u00e1vod na kalend\u00e1\u0159 &#8230; pomoc\u00ed krou\u017ekov\u00fdch vaza\u010d\u016f<\/span><\/a><\/p>\n","protected":false},"author":2,"featured_media":0,"comment_status":"open","ping_status":"open","sticky":false,"template":"","format":"standard","meta":{"footnotes":""},"categories":[19],"tags":[78],"_links":{"self":[{"href":"https:\/\/navody.hurapapir.cz\/index.php?rest_route=\/wp\/v2\/posts\/1827"}],"collection":[{"href":"https:\/\/navody.hurapapir.cz\/index.php?rest_route=\/wp\/v2\/posts"}],"about":[{"href":"https:\/\/navody.hurapapir.cz\/index.php?rest_route=\/wp\/v2\/types\/post"}],"author":[{"embeddable":true,"href":"https:\/\/navody.hurapapir.cz\/index.php?rest_route=\/wp\/v2\/users\/2"}],"replies":[{"embeddable":true,"href":"https:\/\/navody.hurapapir.cz\/index.php?rest_route=%2Fwp%2Fv2%2Fcomments&post=1827"}],"version-history":[{"count":3,"href":"https:\/\/navody.hurapapir.cz\/index.php?rest_route=\/wp\/v2\/posts\/1827\/revisions"}],"predecessor-version":[{"id":1836,"href":"https:\/\/navody.hurapapir.cz\/index.php?rest_route=\/wp\/v2\/posts\/1827\/revisions\/1836"}],"wp:attachment":[{"href":"https:\/\/navody.hurapapir.cz\/index.php?rest_route=%2Fwp%2Fv2%2Fmedia&parent=1827"}],"wp:term":[{"taxonomy":"category","embeddable":true,"href":"https:\/\/navody.hurapapir.cz\/index.php?rest_route=%2Fwp%2Fv2%2Fcategories&post=1827"},{"taxonomy":"post_tag","embeddable":true,"href":"https:\/\/navody.hurapapir.cz\/index.php?rest_route=%2Fwp%2Fv2%2Ftags&post=1827"}],"curies":[{"name":"wp","href":"https:\/\/api.w.org\/{rel}","templated":true}]}}