{"id":11683,"date":"2015-09-12T19:47:06","date_gmt":"2015-09-12T19:47:06","guid":{"rendered":"http:\/\/navody.hurapapir.cz\/?p=11683"},"modified":"2015-09-12T19:49:19","modified_gmt":"2015-09-12T19:49:19","slug":"svatebni-cesta-do-parize","status":"publish","type":"post","link":"https:\/\/navody.hurapapir.cz\/?p=11683","title":{"rendered":"Svatebn\u00ed cesta do Pa\u0159\u00ed\u017ee\u2026 letn\u00ed HUR\u00c1sout\u011b\u017e :-)"},"content":{"rendered":"<p><em>Foto a text Lucie M.<\/em><\/p>\n<p>M\u016fj pr\u00e1zdninov\u00fd den\u00edk je vzpom\u00ednkou na svatebn\u00ed cestu z Pa\u0159\u00ed\u017ee. P\u0159esto\u017ee se cesta uskute\u010dn\u00edla v roce 2013, den\u00edk na svou realizaci \u010dekal a\u017e do dne\u0161n\u00edch dn\u016f a je\u0161t\u011b st\u00e1le nen\u00ed zcela dokon\u010den.<\/p>\n<p>\u010cekala jsem na pol\u00edben\u00ed od m\u00fazy a tak\u00e9 jsem \u0159e\u0161ila form\u00e1t a celkov\u00e9 zpracov\u00e1n\u00ed alba.<\/p>\n<p>Nakonec se m\u00faza dostavila p\u0159i proch\u00e1zen\u00ed pap\u00edrnictv\u00ed, kdy mi do oka padly euroslo\u017eky na fotografie, jejich\u017e rozd\u011blen\u00ed p\u0159ipom\u00edn\u00e1 PL kapsy, a tak se zrodila my\u0161lenka na album o rozm\u011brech 21 x 21 cm tedy \u010dtvercov\u00fd rozm\u011br z b\u011b\u017en\u00e9 A4, jako kapsy mi poslou\u017eily zast\u0159i\u017een\u00e9 be\u017en\u00e9 euroobaly a ji\u017e zm\u00edn\u011bn\u00e9 obaly na fotky, kter\u00e9 jsem si tak\u00e9 zast\u0159ihla a proto\u017ee jsem \u017eena co by pro p\u00edrko p\u0159es plot sko\u010dila, vyu\u017eila jsem i odst\u0159i\u017een\u00e9 \u010d\u00e1sti a z nich si na \u0161ic\u00edm stroji se\u0161ila dal\u0161\u00ed kapsy. Te\u010f u\u017e jen zb\u00fdvalo vymyslet slo\u017eky do kter\u00fdch se kapsy sv\u00fdm rozm\u011brem vejdou. Koupila jsem si slo\u017eky s krou\u017ekovu vazbou velikosti A5, doma jsem p\u0159edn\u00ed a zadn\u00ed stranu sest\u0159ihla jen na \u0161\u00ed\u0159ku 2cm a k t\u00e9to \u010d\u00e1sti p\u0159i\u0161ila p\u0159edn\u00ed a zadn\u00ed stranu fotoalba, t\u00edm mi vznikly slo\u017eky o rozm\u011bru 21,5cm x 22cm.<\/p>\n<p>Tato vlastn\u00ed varianta fotoalba mi vy\u0159e\u0161ila hned n\u011bkolik krit\u00e9ri\u00ed, kter\u00e9 jsem pro sv\u00e9 album m\u011bla:<\/p>\n<ul>\n<li>je vytvo\u0159eno ze snadno dostupn\u00fdch nateri\u00e1l\u016f za p\u0159\u00edzniv\u00fd pen\u00edz<\/li>\n<li>rozm\u011brov\u011b se vejde do b\u011b\u017en\u00e9 knihovny, ale i do kabelky, kdy\u017e se chce \u010dlov\u011bk n\u011bkomu pochlubit<\/li>\n<li>cel\u00e1 v\u00fdroba n\u011bn\u00ed nijak konstruk\u010dn\u011b n\u00e1ro\u010dn\u00e1<\/li>\n<li>kdykoliv je mo\u017en\u00e9 p\u0159idat \u010di odebrat str\u00e1nky<\/li>\n<\/ul>\n<p><a href=\"https:\/\/navody.hurapapir.cz\/wp-content\/uploads\/2015\/09\/pa\u0159\u00ed\u017e-1-Collage.jpg\"><img decoding=\"async\" loading=\"lazy\" class=\"aligncenter size-full wp-image-11684\" alt=\"pa\u0159\u00ed\u017e 1 Collage\" src=\"https:\/\/navody.hurapapir.cz\/wp-content\/uploads\/2015\/09\/pa\u0159\u00ed\u017e-1-Collage.jpg\" width=\"480\" height=\"480\" srcset=\"https:\/\/navody.hurapapir.cz\/wp-content\/uploads\/2015\/09\/pa\u0159\u00ed\u017e-1-Collage.jpg 700w, https:\/\/navody.hurapapir.cz\/wp-content\/uploads\/2015\/09\/pa\u0159\u00ed\u017e-1-Collage-150x150.jpg 150w, https:\/\/navody.hurapapir.cz\/wp-content\/uploads\/2015\/09\/pa\u0159\u00ed\u017e-1-Collage-300x300.jpg 300w\" sizes=\"(max-width: 480px) 100vw, 480px\" \/><\/a><\/p>\n<p>&nbsp;<\/p>\n<p><!--more--><\/p>\n<p><a href=\"https:\/\/navody.hurapapir.cz\/wp-content\/uploads\/2015\/09\/pa\u0159\u00ed\u017e-3-Collage.jpg\"><img decoding=\"async\" loading=\"lazy\" class=\"aligncenter size-full wp-image-11685\" alt=\"pa\u0159\u00ed\u017e 3 Collage\" src=\"https:\/\/navody.hurapapir.cz\/wp-content\/uploads\/2015\/09\/pa\u0159\u00ed\u017e-3-Collage.jpg\" width=\"480\" height=\"240\" srcset=\"https:\/\/navody.hurapapir.cz\/wp-content\/uploads\/2015\/09\/pa\u0159\u00ed\u017e-3-Collage.jpg 700w, https:\/\/navody.hurapapir.cz\/wp-content\/uploads\/2015\/09\/pa\u0159\u00ed\u017e-3-Collage-300x150.jpg 300w\" sizes=\"(max-width: 480px) 100vw, 480px\" \/><\/a><\/p>\n<p>&nbsp;<\/p>\n<p><a href=\"https:\/\/navody.hurapapir.cz\/wp-content\/uploads\/2015\/09\/pa\u0159\u00ed\u017e-4.jpg\"><img decoding=\"async\" loading=\"lazy\" class=\"aligncenter size-full wp-image-11686\" alt=\"pa\u0159\u00ed\u017e 4\" src=\"https:\/\/navody.hurapapir.cz\/wp-content\/uploads\/2015\/09\/pa\u0159\u00ed\u017e-4.jpg\" width=\"480\" height=\"480\" srcset=\"https:\/\/navody.hurapapir.cz\/wp-content\/uploads\/2015\/09\/pa\u0159\u00ed\u017e-4.jpg 700w, https:\/\/navody.hurapapir.cz\/wp-content\/uploads\/2015\/09\/pa\u0159\u00ed\u017e-4-150x150.jpg 150w, https:\/\/navody.hurapapir.cz\/wp-content\/uploads\/2015\/09\/pa\u0159\u00ed\u017e-4-300x300.jpg 300w\" sizes=\"(max-width: 480px) 100vw, 480px\" \/><\/a><\/p>\n<p><a href=\"https:\/\/navody.hurapapir.cz\/wp-content\/uploads\/2015\/09\/pa\u0159\u00ed\u017e-5.jpg\"><img decoding=\"async\" loading=\"lazy\" class=\"aligncenter size-large wp-image-11687\" alt=\"pa\u0159\u00ed\u017e 5\" src=\"https:\/\/navody.hurapapir.cz\/wp-content\/uploads\/2015\/09\/pa\u0159\u00ed\u017e-5-1024x1002.jpg\" width=\"480\" height=\"470\" srcset=\"https:\/\/navody.hurapapir.cz\/wp-content\/uploads\/2015\/09\/pa\u0159\u00ed\u017e-5-1024x1002.jpg 1024w, https:\/\/navody.hurapapir.cz\/wp-content\/uploads\/2015\/09\/pa\u0159\u00ed\u017e-5-300x293.jpg 300w, https:\/\/navody.hurapapir.cz\/wp-content\/uploads\/2015\/09\/pa\u0159\u00ed\u017e-5.jpg 1355w\" sizes=\"(max-width: 480px) 100vw, 480px\" \/><\/a><\/p>\n<p>&nbsp;<\/p>\n<p>&nbsp;<\/p>\n<p><a href=\"https:\/\/navody.hurapapir.cz\/wp-content\/uploads\/2015\/09\/pa\u0159\u00ed\u017e-14.jpg\"><img decoding=\"async\" loading=\"lazy\" class=\"aligncenter size-full wp-image-11689\" alt=\"pa\u0159\u00ed\u017e 14\" src=\"https:\/\/navody.hurapapir.cz\/wp-content\/uploads\/2015\/09\/pa\u0159\u00ed\u017e-14.jpg\" width=\"480\" height=\"484\" srcset=\"https:\/\/navody.hurapapir.cz\/wp-content\/uploads\/2015\/09\/pa\u0159\u00ed\u017e-14.jpg 700w, https:\/\/navody.hurapapir.cz\/wp-content\/uploads\/2015\/09\/pa\u0159\u00ed\u017e-14-150x150.jpg 150w, https:\/\/navody.hurapapir.cz\/wp-content\/uploads\/2015\/09\/pa\u0159\u00ed\u017e-14-297x300.jpg 297w\" sizes=\"(max-width: 480px) 100vw, 480px\" \/><\/a><\/p>\n<p>&nbsp;<\/p>\n<p><a href=\"https:\/\/navody.hurapapir.cz\/wp-content\/uploads\/2015\/09\/pa\u0159\u00ed\u017e-Collage.jpg\"><img decoding=\"async\" loading=\"lazy\" class=\"aligncenter size-full wp-image-11690\" alt=\"pa\u0159\u00ed\u017e Collage\" src=\"https:\/\/navody.hurapapir.cz\/wp-content\/uploads\/2015\/09\/pa\u0159\u00ed\u017e-Collage.jpg\" width=\"481\" height=\"453\" srcset=\"https:\/\/navody.hurapapir.cz\/wp-content\/uploads\/2015\/09\/pa\u0159\u00ed\u017e-Collage.jpg 700w, https:\/\/navody.hurapapir.cz\/wp-content\/uploads\/2015\/09\/pa\u0159\u00ed\u017e-Collage-300x282.jpg 300w\" sizes=\"(max-width: 481px) 100vw, 481px\" \/><\/a><\/p>\n<p>&nbsp;<\/p>\n<p><a href=\"https:\/\/navody.hurapapir.cz\/wp-content\/uploads\/2015\/09\/pa\u0159\u00ed\u017e.jpg\"><img decoding=\"async\" loading=\"lazy\" class=\"aligncenter size-full wp-image-11691\" alt=\"pa\u0159\u00ed\u017e\" src=\"https:\/\/navody.hurapapir.cz\/wp-content\/uploads\/2015\/09\/pa\u0159\u00ed\u017e.jpg\" width=\"480\" height=\"395\" srcset=\"https:\/\/navody.hurapapir.cz\/wp-content\/uploads\/2015\/09\/pa\u0159\u00ed\u017e.jpg 700w, https:\/\/navody.hurapapir.cz\/wp-content\/uploads\/2015\/09\/pa\u0159\u00ed\u017e-300x246.jpg 300w\" sizes=\"(max-width: 480px) 100vw, 480px\" \/><\/a><\/p>\n<p>U\u017e se moc t\u011b\u0161\u00edm a\u017e si v tomto rozm\u011bru zpracuju aj ostatn\u00ed fotografie,kter\u00fdch m\u00e1m doma spoustu.<\/p>\n<p>Snad jsem V\u00e1s mil\u00e9 scrap\u017eeny inspirovala svou tvorbou.<\/p>\n<p>S p\u0159\u00e1n\u00edm hezk\u00e9ho dne V\u00e1m v\u0161em Lucie M.<\/p>\n","protected":false},"excerpt":{"rendered":"<p>Foto a text Lucie M. M\u016fj pr\u00e1zdninov\u00fd den\u00edk je vzpom\u00ednkou na svatebn\u00ed cestu z Pa\u0159\u00ed\u017ee. P\u0159esto\u017ee se cesta uskute\u010dn\u00edla v roce 2013, den\u00edk na svou realizaci \u010dekal a\u017e do dne\u0161n\u00edch dn\u016f a je\u0161t\u011b st\u00e1le nen\u00ed zcela dokon\u010den. \u010cekala jsem na pol\u00edben\u00ed od m\u00fazy a tak\u00e9 jsem \u0159e\u0161ila form\u00e1t a celkov\u00e9 zpracov\u00e1n\u00ed alba. Nakonec se m\u00faza &hellip;<br \/><a href=\"https:\/\/navody.hurapapir.cz\/?p=11683\" class=\"more-link pen_button pen_element_default pen_icon_arrow_double\">Pokra\u010dovat ve\u00a0\u010dten\u00ed <span class=\"screen-reader-text\">Svatebn\u00ed cesta do Pa\u0159\u00ed\u017ee\u2026 letn\u00ed HUR\u00c1sout\u011b\u017e \ud83d\ude42<\/span><\/a><\/p>\n","protected":false},"author":2,"featured_media":0,"comment_status":"open","ping_status":"open","sticky":false,"template":"","format":"standard","meta":{"footnotes":""},"categories":[21,24],"tags":[],"_links":{"self":[{"href":"https:\/\/navody.hurapapir.cz\/index.php?rest_route=\/wp\/v2\/posts\/11683"}],"collection":[{"href":"https:\/\/navody.hurapapir.cz\/index.php?rest_route=\/wp\/v2\/posts"}],"about":[{"href":"https:\/\/navody.hurapapir.cz\/index.php?rest_route=\/wp\/v2\/types\/post"}],"author":[{"embeddable":true,"href":"https:\/\/navody.hurapapir.cz\/index.php?rest_route=\/wp\/v2\/users\/2"}],"replies":[{"embeddable":true,"href":"https:\/\/navody.hurapapir.cz\/index.php?rest_route=%2Fwp%2Fv2%2Fcomments&post=11683"}],"version-history":[{"count":4,"href":"https:\/\/navody.hurapapir.cz\/index.php?rest_route=\/wp\/v2\/posts\/11683\/revisions"}],"predecessor-version":[{"id":11695,"href":"https:\/\/navody.hurapapir.cz\/index.php?rest_route=\/wp\/v2\/posts\/11683\/revisions\/11695"}],"wp:attachment":[{"href":"https:\/\/navody.hurapapir.cz\/index.php?rest_route=%2Fwp%2Fv2%2Fmedia&parent=11683"}],"wp:term":[{"taxonomy":"category","embeddable":true,"href":"https:\/\/navody.hurapapir.cz\/index.php?rest_route=%2Fwp%2Fv2%2Fcategories&post=11683"},{"taxonomy":"post_tag","embeddable":true,"href":"https:\/\/navody.hurapapir.cz\/index.php?rest_route=%2Fwp%2Fv2%2Ftags&post=11683"}],"curies":[{"name":"wp","href":"https:\/\/api.w.org\/{rel}","templated":true}]}}